{"id":5467,"date":"2020-10-15T00:00:00","date_gmt":"2020-10-15T15:24:59","guid":{"rendered":"https:\/\/voelkerrechtsblog.org\/?post_type=articles&#038;p=5467"},"modified":"2021-03-24T11:57:43","modified_gmt":"2021-03-24T10:57:43","slug":"schrems-ii","status":"publish","type":"post","link":"https:\/\/voelkerrechtsblog.org\/de\/schrems-ii\/","title":{"rendered":"Die Schrems II-Entscheidung des EuGH"},"content":{"rendered":"<p>In der Referentenbesprechung vom 12. Oktober 2020 am Max-Planck-Institut f\u00fcr ausl\u00e4ndisches \u00f6ffentliches Recht und V\u00f6lkerrecht stellt Erik Tuchtfeld <a href=\"https:\/\/eur-lex.europa.eu\/legal-content\/DE\/TXT\/?uri=CELEX%3A62018CJ0311\" target=\"_blank\" rel=\"noopener\">die Schrems II-Entscheidung des Europ\u00e4ischen Gerichtshofs<\/a> vor, mit der das Privacy Shield gekippt und einem Gro\u00dfteil des EU-US-Datentransfers die Rechtsgrundlage entzogen wurde. Neben einer Einf\u00fchrung in die Rechtsgrundlagen und dem Urteil selbst werden auch die Kritik an der Entscheidung sowie m\u00f6gliche &#8211; wenn auch zweifelhafte &#8211; Perspektiven dargestellt.<\/p>\n","protected":false},"excerpt":{"rendered":"<p>In der Referentenbesprechung vom 12. Oktober 2020 am Max-Planck-Institut f\u00fcr ausl\u00e4ndisches \u00f6ffentliches Recht und V\u00f6lkerrecht stellt Erik Tuchtfeld die Schrems II-Entscheidung des Europ\u00e4ischen Gerichtshofs vor, mit der das Privacy Shield gekippt und einem Gro\u00dfteil des EU-US-Datentransfers die Rechtsgrundlage entzogen wurde. Neben einer Einf\u00fchrung in die Rechtsgrundlagen und dem Urteil selbst werden auch die Kritik an [&hellip;]<\/p>\n","protected":false},"author":5,"featured_media":0,"comment_status":"open","ping_status":"closed","sticky":false,"template":"","format":"standard","meta":{"_acf_changed":false,"footnotes":""},"categories":[6639],"tags":[],"authors":[5020],"article-categories":[5371],"doi":[],"class_list":["post-5467","post","type-post","status-publish","format-standard","hentry","category-uncategorized","authors-erik-tuchtfeld","article-categories-media"],"acf":{"subline":"Erkl\u00e4rt in 20 Minuten"},"meta_box":{"doi":"10.17176\/20210107-184000-0"},"_links":{"self":[{"href":"https:\/\/voelkerrechtsblog.org\/de\/wp-json\/wp\/v2\/posts\/5467","targetHints":{"allow":["GET"]}}],"collection":[{"href":"https:\/\/voelkerrechtsblog.org\/de\/wp-json\/wp\/v2\/posts"}],"about":[{"href":"https:\/\/voelkerrechtsblog.org\/de\/wp-json\/wp\/v2\/types\/post"}],"author":[{"embeddable":true,"href":"https:\/\/voelkerrechtsblog.org\/de\/wp-json\/wp\/v2\/users\/5"}],"replies":[{"embeddable":true,"href":"https:\/\/voelkerrechtsblog.org\/de\/wp-json\/wp\/v2\/comments?post=5467"}],"version-history":[{"count":1,"href":"https:\/\/voelkerrechtsblog.org\/de\/wp-json\/wp\/v2\/posts\/5467\/revisions"}],"predecessor-version":[{"id":11254,"href":"https:\/\/voelkerrechtsblog.org\/de\/wp-json\/wp\/v2\/posts\/5467\/revisions\/11254"}],"wp:attachment":[{"href":"https:\/\/voelkerrechtsblog.org\/de\/wp-json\/wp\/v2\/media?parent=5467"}],"wp:term":[{"taxonomy":"category","embeddable":true,"href":"https:\/\/voelkerrechtsblog.org\/de\/wp-json\/wp\/v2\/categories?post=5467"},{"taxonomy":"post_tag","embeddable":true,"href":"https:\/\/voelkerrechtsblog.org\/de\/wp-json\/wp\/v2\/tags?post=5467"},{"taxonomy":"authors","embeddable":true,"href":"https:\/\/voelkerrechtsblog.org\/de\/wp-json\/wp\/v2\/authors?post=5467"},{"taxonomy":"article-categories","embeddable":true,"href":"https:\/\/voelkerrechtsblog.org\/de\/wp-json\/wp\/v2\/article-categories?post=5467"},{"taxonomy":"doi","embeddable":true,"href":"https:\/\/voelkerrechtsblog.org\/de\/wp-json\/wp\/v2\/doi?post=5467"}],"curies":[{"name":"wp","href":"https:\/\/api.w.org\/{rel}","templated":true}]}}