{"id":4519,"date":"2015-04-24T00:00:00","date_gmt":"2015-04-24T05:11:54","guid":{"rendered":"https:\/\/staging.voelkerrechtsblog.org\/articles\/online-debatte-freihandel-versus-demokratie\/"},"modified":"2020-12-09T13:48:06","modified_gmt":"2020-12-09T12:48:06","slug":"online-debatte-freihandel-versus-demokratie","status":"publish","type":"post","link":"https:\/\/voelkerrechtsblog.org\/de\/online-debatte-freihandel-versus-demokratie\/","title":{"rendered":"Online-Debatte: Freihandel versus Demokratie"},"content":{"rendered":"<p>Nach dem gemeinsamen <a title=\"Symposium Trademocracy\" href=\"https:\/\/voelkerrechtsblog.org\/category\/symposium\/trademocracy\/\" target=\"_blank\" rel=\"noopener\">Symposium Tradedemocracy<\/a> mit dem Juwiss Blog findet heute, am 24. April,\u00a0 die Tagung Freihandel versus Demokratie in Berlin statt. Kommentare und Fragen k\u00f6nnen gerne \u00fcber den <a href=\"http:\/\/www.juwiss.de\/\/\/\" target=\"_blank\" rel=\"noopener\">Juwiss Blog <\/a>oder \u00fcber Twitter (#trademocracy) an die Vortragenden gestellt werden.<\/p>\n<p>Elisabeth V. Henn f\u00fcr die Redaktion<\/p>\n","protected":false},"excerpt":{"rendered":"<p>Nach dem gemeinsamen Symposium Tradedemocracy mit dem Juwiss Blog findet heute, am 24. April,\u00a0 die Tagung Freihandel versus Demokratie in Berlin statt. Kommentare und Fragen k\u00f6nnen gerne \u00fcber den Juwiss Blog oder \u00fcber Twitter (#trademocracy) an die Vortragenden gestellt werden. Elisabeth V. Henn f\u00fcr die Redaktion<\/p>\n","protected":false},"author":5,"featured_media":0,"comment_status":"open","ping_status":"open","sticky":false,"template":"","format":"standard","meta":{"_acf_changed":false,"footnotes":""},"categories":[6639],"tags":[],"authors":[3876],"article-categories":[3572],"doi":[],"class_list":["post-4519","post","type-post","status-publish","format-standard","hentry","category-uncategorized","authors-elisabeth-v-henn","article-categories-symposium"],"acf":{"subline":""},"meta_box":{"doi":""},"_links":{"self":[{"href":"https:\/\/voelkerrechtsblog.org\/de\/wp-json\/wp\/v2\/posts\/4519","targetHints":{"allow":["GET"]}}],"collection":[{"href":"https:\/\/voelkerrechtsblog.org\/de\/wp-json\/wp\/v2\/posts"}],"about":[{"href":"https:\/\/voelkerrechtsblog.org\/de\/wp-json\/wp\/v2\/types\/post"}],"author":[{"embeddable":true,"href":"https:\/\/voelkerrechtsblog.org\/de\/wp-json\/wp\/v2\/users\/5"}],"replies":[{"embeddable":true,"href":"https:\/\/voelkerrechtsblog.org\/de\/wp-json\/wp\/v2\/comments?post=4519"}],"version-history":[{"count":0,"href":"https:\/\/voelkerrechtsblog.org\/de\/wp-json\/wp\/v2\/posts\/4519\/revisions"}],"wp:attachment":[{"href":"https:\/\/voelkerrechtsblog.org\/de\/wp-json\/wp\/v2\/media?parent=4519"}],"wp:term":[{"taxonomy":"category","embeddable":true,"href":"https:\/\/voelkerrechtsblog.org\/de\/wp-json\/wp\/v2\/categories?post=4519"},{"taxonomy":"post_tag","embeddable":true,"href":"https:\/\/voelkerrechtsblog.org\/de\/wp-json\/wp\/v2\/tags?post=4519"},{"taxonomy":"authors","embeddable":true,"href":"https:\/\/voelkerrechtsblog.org\/de\/wp-json\/wp\/v2\/authors?post=4519"},{"taxonomy":"article-categories","embeddable":true,"href":"https:\/\/voelkerrechtsblog.org\/de\/wp-json\/wp\/v2\/article-categories?post=4519"},{"taxonomy":"doi","embeddable":true,"href":"https:\/\/voelkerrechtsblog.org\/de\/wp-json\/wp\/v2\/doi?post=4519"}],"curies":[{"name":"wp","href":"https:\/\/api.w.org\/{rel}","templated":true}]}}