{"id":23059,"date":"2024-09-06T12:00:22","date_gmt":"2024-09-06T10:00:22","guid":{"rendered":"https:\/\/voelkerrechtsblog.org\/?p=23059"},"modified":"2024-09-10T09:57:12","modified_gmt":"2024-09-10T07:57:12","slug":"39-targeted-killings-von-tiergarten-bis-teheran","status":"publish","type":"post","link":"https:\/\/voelkerrechtsblog.org\/de\/39-targeted-killings-von-tiergarten-bis-teheran\/","title":{"rendered":"#39 Targeted Killings: Von Tiergarten bis Teheran"},"content":{"rendered":"<p><iframe style=\"border-radius:12px\" src=\"https:\/\/open.spotify.com\/embed\/episode\/5grG03pueLOxBefNhuqXYB?utm_source=generator\" width=\"100%\" height=\"152\" frameBorder=\"0\" allowfullscreen=\"\" allow=\"autoplay; clipboard-write; encrypted-media; fullscreen; picture-in-picture\" loading=\"lazy\"><\/iframe><\/p>\n<p>&nbsp;<\/p>\n<p>In den letzten Monaten h\u00e4ufen sich Berichten von <em>targeted killings<\/em> hochrangiger milit\u00e4rischer und politischer F\u00fchrungspersonen au\u00dferhalb unmittelbarer Kampfgebiete, wie die T\u00f6tung von Fuad Schukr, einem Hisbollah-Kommandeur, in Beirut oder von Ismail Haniyya, einem politischen F\u00fchrer der Hamas, in Teheran. Dabei handelt es sich aber nicht um ein neues Ph\u00e4nomen, \u00e4ltere Beispiele sind der Berliner Tiergarten-Mord oder auch die T\u00f6tung von Osama bin Laden. Welche verschiedenen Gebiete des V\u00f6lkerrechts bei diesen T\u00f6tungen betroffen sind und unter welchen engen Voraussetzungen sie ausnahmsweise zul\u00e4ssig sein k\u00f6nnen, hat Erik Tuchtfeld mit Kai Ambos besprochen.<\/p>\n<p>Im Grundlagenteil konzentriert sich Isabel Lischewski auf das Menschenrecht auf Leben und stellt es in seinen vielf\u00e4ltigen Facetten dar.<\/p>\n<p><strong>Nach gut dreieinhalb Jahren V\u00f6lkerrechtspodcast m\u00f6chten wir gerne von Euch erfahren, wie wir noch besser werden k\u00f6nnen und haben deshalb <\/strong><strong>eine kleine <\/strong><a href=\"https:\/\/voelkerrechtsblog.org\/podcast\/umfrage\"><u><strong>Umfrage<\/strong><\/u><\/a><strong> vorbereitet.<\/strong><\/p>\n<p>Wir freuen uns \u00fcber jede R\u00fcckmeldung! Wie immer sind nat\u00fcrlich Lob, Anmerkungen und Kritik auch an <a href=\"mailto:podcast@voelkerrechtsblog.org\"><u>podcast@voelkerrechtsblog.org<\/u><\/a> herzlich willkommen. Abonniert unseren Podcast <a href=\"https:\/\/anchor.fm\/s\/4679adec\/podcast\/rss\"><u>via RSS<\/u><\/a>, \u00fcber <a href=\"https:\/\/open.spotify.com\/show\/4e1s8fJ1pHJrMaxIAnomoa\"><u>Spotify<\/u><\/a> oder \u00fcberall dort, wo es Podcasts gibt. Es gibt die M\u00f6glichkeit, auf diesen Plattformen den V\u00f6lkerrechtspodcast zu bewerten, wir freuen uns sehr \u00fcber 5 Sterne!<\/p>\n<p>&nbsp;<\/p>\n<p><strong>Hintergrundinformationen:<\/strong><\/p>\n<ul>\n<li><a href=\"https:\/\/www.cambridge.org\/core\/journals\/israel-law-review\/article\/has-justice-been-done-the-legality-of-bin-ladens-killing-under-international-law\/56B645C939ABE4CB3E87E28F8E85D22D\"><u>Ambos\/Alkatout, Has \u2018Justice Been Done\u2019? The Legality of Bin Laden\u2019s Killing Under International Law, Israel Law Review 2012, 341\u2013366.<\/u><\/a><\/li>\n<li><a href=\"https:\/\/www.ohchr.org\/en\/press-releases\/2024\/08\/independent-experts-condemn-escalating-violence-middle-east-urge-ceasefire\"><u>UN OHCHR, Press Release: Independent experts condemn escalating violence in the Middle East, urge ceasefire and accountability, 2024.<\/u><\/a><\/li>\n<li><a href=\"https:\/\/www.swp-berlin.org\/publications\/products\/studien\/2012_S01_rdf_slr.pdf\"><u><em>Rudolf\/Schaller<\/em><\/u><u>, \u00bbTargeted Killing\u00ab\u202f- Zur v\u00f6lkerrechtlichen, ethischen und strategischen Problematik gezielten T\u00f6tens in der Terrorismus- und Aufstandsbek\u00e4mpfung, 2012.<\/u><\/a><\/li>\n<li><a href=\"https:\/\/doi.org\/10.1093\/acprof:oso\/9780199533169.001.0001\"><u><em>Melzer<\/em><\/u><u>, Targeted killing in international law, 2008.<\/u><\/a><\/li>\n<li><a href=\"https:\/\/www.jstor.org\/stable\/j.ctv1q69xqz\"><u><em>Eser<\/em><\/u><u>, T\u00f6tung im Krieg: R\u00fcckfragen an das Staats- und V\u00f6lkerrecht, in: <\/u><u><em>Appel\/Hermes\/Sch\u00f6nberger (Hrsg.)<\/em><\/u><u>, \u00d6ffentliches Recht im offenen Staat: Festschrift f\u00fcr Rainer Wahl zum 70. Geburtstag, 2011.<\/u><\/a><\/li>\n<\/ul>\n<p>&nbsp;<\/p>\n<p>Moderation: <a href=\"https:\/\/www.mpil.de\/de\/pub\/institut\/personen\/wissenschaftlicher-bereich\/etuchtfe.cfm\">Erik Tuchtfeld, LL.M (Glasgow)<\/a>\u00a0&amp; <a href=\"https:\/\/voelkerrechtsblog.org\/authors\/daniela-rau\/\"><u>Daniela Rau<\/u><\/a><br \/>\nGrundlagen: <a href=\"https:\/\/www.jura.uni-muenster.de\/de\/institute\/imr\/team\/weitere-personen\/isabel-lischewski\/\">Dr. Isabel Lischewski<\/a><br \/>\nInterview: <a href=\"https:\/\/www.department-ambos.uni-goettingen.de\/index.php\/abteilung\/kai-ambos\">Univ.-Prof. Dr. Dr. h.c. Kai Ambos<\/a> &amp; Erik Tuchtfeld, LL.M (Glasgow)<br \/>\nSchnitt: Daniela Rau<\/p>\n<p>&nbsp;<\/p>\n<p>Credits:<\/p>\n<ul>\n<li><a href=\"https:\/\/youtu.be\/ZNYmK19-d0U\"><u>The Obama White House, President Obama on Death of Osama bin Laden, 02.05.2011<\/u><\/a><\/li>\n<\/ul>\n","protected":false},"excerpt":{"rendered":"<p>&nbsp; In den letzten Monaten h\u00e4ufen sich Berichten von targeted killings hochrangiger milit\u00e4rischer und politischer F\u00fchrungspersonen au\u00dferhalb unmittelbarer Kampfgebiete, wie die T\u00f6tung von Fuad Schukr, einem Hisbollah-Kommandeur, in Beirut oder von Ismail Haniyya, einem politischen F\u00fchrer der Hamas, in Teheran. Dabei handelt es sich aber nicht um ein neues Ph\u00e4nomen, \u00e4ltere Beispiele sind der Berliner [&hellip;]<\/p>\n","protected":false},"author":8,"featured_media":0,"comment_status":"open","ping_status":"open","sticky":false,"template":"","format":"standard","meta":{"_acf_changed":false,"footnotes":""},"categories":[6639],"tags":[],"authors":[6928,5020,5621],"article-categories":[5371,6670],"doi":[],"class_list":["post-23059","post","type-post","status-publish","format-standard","hentry","category-uncategorized","authors-daniela-rau","authors-erik-tuchtfeld","authors-isabel-lischewski","article-categories-media","article-categories-podcast"],"acf":{"subline":""},"meta_box":{"doi":"10.17176\/20240907-020544-0"},"_links":{"self":[{"href":"https:\/\/voelkerrechtsblog.org\/de\/wp-json\/wp\/v2\/posts\/23059","targetHints":{"allow":["GET"]}}],"collection":[{"href":"https:\/\/voelkerrechtsblog.org\/de\/wp-json\/wp\/v2\/posts"}],"about":[{"href":"https:\/\/voelkerrechtsblog.org\/de\/wp-json\/wp\/v2\/types\/post"}],"author":[{"embeddable":true,"href":"https:\/\/voelkerrechtsblog.org\/de\/wp-json\/wp\/v2\/users\/8"}],"replies":[{"embeddable":true,"href":"https:\/\/voelkerrechtsblog.org\/de\/wp-json\/wp\/v2\/comments?post=23059"}],"version-history":[{"count":3,"href":"https:\/\/voelkerrechtsblog.org\/de\/wp-json\/wp\/v2\/posts\/23059\/revisions"}],"predecessor-version":[{"id":23062,"href":"https:\/\/voelkerrechtsblog.org\/de\/wp-json\/wp\/v2\/posts\/23059\/revisions\/23062"}],"wp:attachment":[{"href":"https:\/\/voelkerrechtsblog.org\/de\/wp-json\/wp\/v2\/media?parent=23059"}],"wp:term":[{"taxonomy":"category","embeddable":true,"href":"https:\/\/voelkerrechtsblog.org\/de\/wp-json\/wp\/v2\/categories?post=23059"},{"taxonomy":"post_tag","embeddable":true,"href":"https:\/\/voelkerrechtsblog.org\/de\/wp-json\/wp\/v2\/tags?post=23059"},{"taxonomy":"authors","embeddable":true,"href":"https:\/\/voelkerrechtsblog.org\/de\/wp-json\/wp\/v2\/authors?post=23059"},{"taxonomy":"article-categories","embeddable":true,"href":"https:\/\/voelkerrechtsblog.org\/de\/wp-json\/wp\/v2\/article-categories?post=23059"},{"taxonomy":"doi","embeddable":true,"href":"https:\/\/voelkerrechtsblog.org\/de\/wp-json\/wp\/v2\/doi?post=23059"}],"curies":[{"name":"wp","href":"https:\/\/api.w.org\/{rel}","templated":true}]}}