{"id":20094,"date":"2023-06-02T09:16:30","date_gmt":"2023-06-02T07:16:30","guid":{"rendered":"https:\/\/voelkerrechtsblog.org\/?p=20094"},"modified":"2023-06-02T18:06:06","modified_gmt":"2023-06-02T16:06:06","slug":"28-menschenrechtsausschuesse","status":"publish","type":"post","link":"https:\/\/voelkerrechtsblog.org\/de\/28-menschenrechtsausschuesse\/","title":{"rendered":"#28 Menschenrechtsaussch\u00fcsse"},"content":{"rendered":"<p><iframe loading=\"lazy\" src=\"https:\/\/podcasters.spotify.com\/pod\/show\/voelkerrechtspodcast\/embed\/episodes\/28-Menschenrechtsausschsse-Allgemeine-Bemerkungen-und-Rechtserzeugung-e24vls0\" width=\"100%\" height=\"170px\" frameborder=\"0\" scrolling=\"no\"><span style=\"display: inline-block; width: 0px; overflow: hidden; line-height: 0;\" data-mce-type=\"bookmark\" class=\"mce_SELRES_start\"><\/span><\/iframe><\/p>\n<p>Wir werfen einen Blick auf die sogenannten Menschenrechtsaussch\u00fcsse oder menschenrechtlichen Vertragsorgane. Dazu z\u00e4hlen insgesamt neun Aussch\u00fcsse, u.a. CCPR, CESCR, CEDAW, CERD und viele mehr. Wie unterscheiden sie sich von den menschenrechtlichen Gerichtsh\u00f6fen oder dem Menschenrechtsrat? Diese Fragen kl\u00e4rt Isabel Lischewski\u2060 im Grundlagenteil. Im Interview spricht Philipp Eschenhagen\u2060 mit Nina Reiners von der Universit\u00e4t Oslo \u00fcber Ihre Forschung zu dem Thema, insb. der Einordnung der Menschenrechtsaussch\u00fcsse als rechtserzeugende Institutionen.<\/p>\n<p>Wir freuen uns \u00fcber Lob, Anmerkungen und Kritik an <a href=\"mailto:podcast@voelkerrechtsblog.org\"><span contenteditable=\"false\">\u2060<\/span>podcast@voelkerrechtsblog.org<span contenteditable=\"false\">\u2060<\/span><\/a>. Abonniert unseren Podcast <a href=\"https:\/\/anchor.fm\/s\/4679adec\/podcast\/rss\"><span contenteditable=\"false\">\u2060<\/span>via RSS<span contenteditable=\"false\">\u2060<\/span><\/a>, \u00fcber <a href=\"https:\/\/open.spotify.com\/show\/4e1s8fJ1pHJrMaxIAnomoa\"><span contenteditable=\"false\">\u2060<\/span>Spotify<span contenteditable=\"false\">\u2060<\/span><\/a> oder \u00fcberall dort, wo es Podcasts gibt. Es gibt die M\u00f6glichkeit, auf diesen Plattformen den V\u00f6lkerrechtspodcast zu bewerten, wir freuen uns sehr \u00fcber 5 Sterne!<\/p>\n<p>Hintergrundinformationen:<\/p>\n<ul>\n<li><a href=\"https:\/\/www.cambridge.org\/core\/books\/transnational-lawmaking-coalitions-for-human-rights\/6BF64247C27C13370759C5547B6CC393\"><span contenteditable=\"false\">\u2060<\/span>Nina Reiners, Transnational Lawmaking Coalitions for Human Rights (Cambridge University Press, 2021) <span contenteditable=\"false\">\u2060<\/span><\/a><\/li>\n<li><a href=\"https:\/\/www.ohchr.org\/en\/treaty-bodies\/videos-about-treaty-bodies\"><span contenteditable=\"false\">\u2060<\/span>OHCHR, Videos about the treaty bodies<span contenteditable=\"false\">\u2060<\/span><\/a><\/li>\n<li><a href=\"https:\/\/blogs.lse.ac.uk\/vaw\/int\/treaty-bodies\/\"><span contenteditable=\"false\">\u2060<\/span>LSE, Centre for Women, Peace and Security, UN Treaty Bodies<span contenteditable=\"false\">\u2060<\/span><\/a><\/li>\n<\/ul>\n<p>Verwandte Folge zum regionalen Menschenrechtsschutz:<\/p>\n<ul>\n<li><a href=\"https:\/\/voelkerrechtsblog.org\/13-regionaler-menschenrechtsschutz\/\"><span contenteditable=\"false\">\u2060<\/span>V\u00f6lkerrechtspodcast, #13 Regionaler Menschenrechtsschutz: Wir sehen uns vor Gericht! (07.01.2022)<span contenteditable=\"false\">\u2060<\/span><\/a><\/li>\n<\/ul>\n<p>Moderation: <a href=\"https:\/\/voelkerrechtsblog.org\/de\/authors\/philipp-eschenhagen\/\"><span contenteditable=\"false\">\u2060<\/span>Philipp Eschenhagen<span contenteditable=\"false\">\u2060<\/span><\/a> &amp; <a href=\"https:\/\/www.mpil.de\/de\/pub\/institut\/personen\/wissenschaftlicher-bereich\/etuchtfe.cfm\"><span contenteditable=\"false\">\u2060<\/span>Erik Tuchtfeld<span contenteditable=\"false\">\u2060<\/span><\/a> (<a href=\"https:\/\/www.mpil.de\/de\/pub\/institut\/personen\/wissenschaftlicher-bereich\/etuchtfe.cfm\"><span contenteditable=\"false\">\u2060<\/span>LL.M (Glasgow)<span contenteditable=\"false\">\u2060<\/span><\/a>)<br \/>\nGrundlagen: <a href=\"https:\/\/www.jura.uni-muenster.de\/de\/institute\/imr\/team\/weitere-personen\/isabel-lischewski\/\"><span contenteditable=\"false\">\u2060<\/span>Dr. Isabel Lischewski<span contenteditable=\"false\">\u2060<\/span><\/a><br \/>\nInterview: <a href=\"https:\/\/www.ninareiners.com\/\"><span contenteditable=\"false\">\u2060<\/span>Prof. Dr. Nina Reiners<span contenteditable=\"false\">\u2060<\/span><\/a> &amp; <a href=\"https:\/\/voelkerrechtsblog.org\/de\/authors\/philipp-eschenhagen\/\"><span contenteditable=\"false\">\u2060<\/span>Philipp Eschenhagen<span contenteditable=\"false\">\u2060<\/span><\/a><br \/>\nSchnitt: <a href=\"https:\/\/www.mpil.de\/en\/pub\/research\/areas\/public-international-law\/scientific-blogs.cfm\"><span contenteditable=\"false\">\u2060<\/span>Daniela Rau<span contenteditable=\"false\">\u2060<\/span><\/a><\/p>\n<p>Credits:<\/p>\n<ul>\n<li><a href=\"https:\/\/www.youtube.com\/watch?v=JP0fB-_X0l8\">Walter Kaelin, Member of the Human Rights Committee, in: UN Human Rights, \u201eUN Human Rights Treaty Body System\u201c, Youtube, 28.04.2015<span contenteditable=\"false\">\u2060<\/span><\/a><\/li>\n<\/ul>\n","protected":false},"excerpt":{"rendered":"<p>Wir werfen einen Blick auf die sogenannten Menschenrechtsaussch\u00fcsse oder menschenrechtlichen Vertragsorgane. Dazu z\u00e4hlen insgesamt neun Aussch\u00fcsse, u.a. CCPR, CESCR, CEDAW, CERD und viele mehr. Wie unterscheiden sie sich von den menschenrechtlichen Gerichtsh\u00f6fen oder dem Menschenrechtsrat? Diese Fragen kl\u00e4rt Isabel Lischewski\u2060 im Grundlagenteil. Im Interview spricht Philipp Eschenhagen\u2060 mit Nina Reiners von der Universit\u00e4t Oslo \u00fcber [&hellip;]<\/p>\n","protected":false},"author":8,"featured_media":0,"comment_status":"open","ping_status":"open","sticky":false,"template":"","format":"standard","meta":{"_acf_changed":false,"footnotes":""},"categories":[6639],"tags":[],"authors":[5020,5621,5004,6671],"article-categories":[5371,6670],"doi":[],"class_list":["post-20094","post","type-post","status-publish","format-standard","hentry","category-uncategorized","authors-erik-tuchtfeld","authors-isabel-lischewski","authors-philipp-eschenhagen","authors-sophie-schuberth","article-categories-media","article-categories-podcast"],"acf":{"subline":"Allgemeine Bemerkungen und Rechtserzeugung"},"meta_box":{"doi":"10.17176\/20230602-110948-0"},"_links":{"self":[{"href":"https:\/\/voelkerrechtsblog.org\/de\/wp-json\/wp\/v2\/posts\/20094","targetHints":{"allow":["GET"]}}],"collection":[{"href":"https:\/\/voelkerrechtsblog.org\/de\/wp-json\/wp\/v2\/posts"}],"about":[{"href":"https:\/\/voelkerrechtsblog.org\/de\/wp-json\/wp\/v2\/types\/post"}],"author":[{"embeddable":true,"href":"https:\/\/voelkerrechtsblog.org\/de\/wp-json\/wp\/v2\/users\/8"}],"replies":[{"embeddable":true,"href":"https:\/\/voelkerrechtsblog.org\/de\/wp-json\/wp\/v2\/comments?post=20094"}],"version-history":[{"count":7,"href":"https:\/\/voelkerrechtsblog.org\/de\/wp-json\/wp\/v2\/posts\/20094\/revisions"}],"predecessor-version":[{"id":20103,"href":"https:\/\/voelkerrechtsblog.org\/de\/wp-json\/wp\/v2\/posts\/20094\/revisions\/20103"}],"wp:attachment":[{"href":"https:\/\/voelkerrechtsblog.org\/de\/wp-json\/wp\/v2\/media?parent=20094"}],"wp:term":[{"taxonomy":"category","embeddable":true,"href":"https:\/\/voelkerrechtsblog.org\/de\/wp-json\/wp\/v2\/categories?post=20094"},{"taxonomy":"post_tag","embeddable":true,"href":"https:\/\/voelkerrechtsblog.org\/de\/wp-json\/wp\/v2\/tags?post=20094"},{"taxonomy":"authors","embeddable":true,"href":"https:\/\/voelkerrechtsblog.org\/de\/wp-json\/wp\/v2\/authors?post=20094"},{"taxonomy":"article-categories","embeddable":true,"href":"https:\/\/voelkerrechtsblog.org\/de\/wp-json\/wp\/v2\/article-categories?post=20094"},{"taxonomy":"doi","embeddable":true,"href":"https:\/\/voelkerrechtsblog.org\/de\/wp-json\/wp\/v2\/doi?post=20094"}],"curies":[{"name":"wp","href":"https:\/\/api.w.org\/{rel}","templated":true}]}}