{"id":18174,"date":"2022-09-02T12:15:13","date_gmt":"2022-09-02T10:15:13","guid":{"rendered":"https:\/\/voelkerrechtsblog.org\/?p=18174"},"modified":"2022-11-07T19:23:43","modified_gmt":"2022-11-07T18:23:43","slug":"20-wirtschaft-und-menschenrechte","status":"publish","type":"post","link":"https:\/\/voelkerrechtsblog.org\/de\/20-wirtschaft-und-menschenrechte\/","title":{"rendered":"#20 Wirtschaft und Menschenrechte"},"content":{"rendered":"<p><iframe loading=\"lazy\" src=\" https:\/\/anchor.fm\/voelkerrechtspodcast\/embed\/episodes\/20-Wirtschaft-und-Menschenrechte-e1n9q3e\" width=\"100%\" height=\"170px\" frameborder=\"0\" scrolling=\"no\"><span style=\"display: inline-block; width: 0px; overflow: hidden; line-height: 0;\" data-mce-type=\"bookmark\" class=\"mce_SELRES_start\"><\/span><\/iframe><\/p>\n<p>Multinationale Unternehmen werden immer m\u00e4chtiger und steigern ihre Profite, auch in Zeiten von Krieg, Klima- und Coronakrise. Was bedeutet diese Macht f\u00fcr die Geltung der universalen Menschenrechte? Wie l\u00e4sst sich diese Macht rechtlich einhegen und ist die liberale Rechtsordnung dazu geeignet? Philipp Eschenhagen hat \u00fcber diese Fragen und aktuelle F\u00e4lle mit Michael Bader, Bertha Justice Fellow am ECCHR, gesprochen. Isabel Lischewski erkl\u00e4rt im Grundlagenteil die UN Guiding Principles on Business and Human Rights und was diese mit Katzen zu tun haben.<\/p>\n<p>Wir freuen uns \u00fcber Lob, Anmerkungen und Kritik an <a href=\"mailto:podcast@voelkerrechtsblog.org\">podcast@voelkerrechtsblog.org<\/a>. Abonniert unseren Podcast <a href=\"https:\/\/anchor.fm\/s\/4679adec\/podcast\/rss\">via RSS<\/a>, \u00fcber <a href=\"https:\/\/open.spotify.com\/show\/4e1s8fJ1pHJrMaxIAnomoa\">Spotify<\/a> oder \u00fcberall dort, wo es Podcasts gibt. Es gibt nun die M\u00f6glichkeit, auf diesen Plattformen den V\u00f6lkerrechtspodcast zu bewerten, wir freuen uns sehr \u00fcber 5 Sterne!<\/p>\n<p>&nbsp;<\/p>\n<p><strong>Hintergrundinformationen:<\/strong><\/p>\n<ul>\n<li><a href=\"https:\/\/www.ohchr.org\/sites\/default\/files\/documents\/publications\/guidingprinciplesbusinesshr_en.pdf\">UN Guiding Principles on Business and Human Rights<\/a><\/li>\n<li><a href=\"https:\/\/www.business-humanrights.org\/de\/\">Business and Human Rights Resource Centre<\/a><\/li>\n<li><a href=\"https:\/\/filmsfortheearth.org\/filme\/the-corporation\/\">The Corporation (Film)<\/a><\/li>\n<li><a href=\"https:\/\/global.oup.com\/academic\/product\/multinational-enterprises-and-the-law-9780198824145?cc=de&amp;lang=en&amp;\">Peter Muchlinski, Multinational Enterprises and the Law (OUP 2021)<\/a><\/li>\n<li><a href=\"https:\/\/brill.com\/view\/title\/31854\">Grietje Baars, The Corporation, Law and Capitalism (Brill 2019)<\/a><\/li>\n<\/ul>\n<p>&nbsp;<\/p>\n<p>Moderation: <a href=\"https:\/\/voelkerrechtsblog.org\/de\/authors\/philipp-eschenhagen\/\">Philipp Eschenhagen<\/a> &amp; <a href=\"https:\/\/www.mpil.de\/de\/pub\/institut\/personen\/wissenschaftlicher-bereich\/etuchtfe.cfm\">Erik Tuchtfeld<\/a><br \/>\nGrundlagen: <a href=\"https:\/\/www.jura.uni-muenster.de\/de\/institute\/imr\/team\/weitere-personen\/isabel-lischewski\/\">Dr. Isabel Lischewski<\/a><br \/>\nInterview: <a href=\"https:\/\/www.ecchr.eu\/person\/michael-bader\/\">Michael Bader<\/a> &amp; <a href=\"https:\/\/voelkerrechtsblog.org\/de\/authors\/philipp-eschenhagen\/\">Philipp Eschenhagen<\/a><u><br \/>\n<\/u>Schnitt: <a href=\"https:\/\/www.mpil.de\/en\/pub\/research\/areas\/public-international-law\/scientific-blogs.cfm\">Daniela Rau<\/a><\/p>\n<p>&nbsp;<\/p>\n<p>Credits:<\/p>\n<ul>\n<li><a href=\"https:\/\/www.bundestag.de\/mediathek?videoid=7526652#url=L21lZGlhdGhla292ZXJsYXk\/dmlkZW9pZD03NTI2NjUy&amp;mod=mediathek\">Hubertus Heil, Sorgfaltspflichten in Lieferketten, Bundestag, 11. Juni 2021)<\/a><\/li>\n<li><a href=\"https:\/\/www.unmultimedia.org\/avlibrary\/asset\/2637\/2637505\/\">John Ruggie, Business and Human Rights Panel, OHCHR, 29. Juni 2021<\/a><\/li>\n<\/ul>\n","protected":false},"excerpt":{"rendered":"<p>Multinationale Unternehmen werden immer m\u00e4chtiger und steigern ihre Profite, auch in Zeiten von Krieg, Klima- und Coronakrise. Was bedeutet diese Macht f\u00fcr die Geltung der universalen Menschenrechte? Wie l\u00e4sst sich diese Macht rechtlich einhegen und ist die liberale Rechtsordnung dazu geeignet? Philipp Eschenhagen hat \u00fcber diese Fragen und aktuelle F\u00e4lle mit Michael Bader, Bertha Justice [&hellip;]<\/p>\n","protected":false},"author":8,"featured_media":0,"comment_status":"open","ping_status":"open","sticky":false,"template":"","format":"standard","meta":{"_acf_changed":false,"footnotes":""},"categories":[6639],"tags":[],"authors":[5020,5621,5004,6671],"article-categories":[5371,6670],"doi":[],"class_list":["post-18174","post","type-post","status-publish","format-standard","hentry","category-uncategorized","authors-erik-tuchtfeld","authors-isabel-lischewski","authors-philipp-eschenhagen","authors-sophie-schuberth","article-categories-media","article-categories-podcast"],"acf":{"subline":""},"meta_box":{"doi":""},"_links":{"self":[{"href":"https:\/\/voelkerrechtsblog.org\/de\/wp-json\/wp\/v2\/posts\/18174","targetHints":{"allow":["GET"]}}],"collection":[{"href":"https:\/\/voelkerrechtsblog.org\/de\/wp-json\/wp\/v2\/posts"}],"about":[{"href":"https:\/\/voelkerrechtsblog.org\/de\/wp-json\/wp\/v2\/types\/post"}],"author":[{"embeddable":true,"href":"https:\/\/voelkerrechtsblog.org\/de\/wp-json\/wp\/v2\/users\/8"}],"replies":[{"embeddable":true,"href":"https:\/\/voelkerrechtsblog.org\/de\/wp-json\/wp\/v2\/comments?post=18174"}],"version-history":[{"count":6,"href":"https:\/\/voelkerrechtsblog.org\/de\/wp-json\/wp\/v2\/posts\/18174\/revisions"}],"predecessor-version":[{"id":18691,"href":"https:\/\/voelkerrechtsblog.org\/de\/wp-json\/wp\/v2\/posts\/18174\/revisions\/18691"}],"wp:attachment":[{"href":"https:\/\/voelkerrechtsblog.org\/de\/wp-json\/wp\/v2\/media?parent=18174"}],"wp:term":[{"taxonomy":"category","embeddable":true,"href":"https:\/\/voelkerrechtsblog.org\/de\/wp-json\/wp\/v2\/categories?post=18174"},{"taxonomy":"post_tag","embeddable":true,"href":"https:\/\/voelkerrechtsblog.org\/de\/wp-json\/wp\/v2\/tags?post=18174"},{"taxonomy":"authors","embeddable":true,"href":"https:\/\/voelkerrechtsblog.org\/de\/wp-json\/wp\/v2\/authors?post=18174"},{"taxonomy":"article-categories","embeddable":true,"href":"https:\/\/voelkerrechtsblog.org\/de\/wp-json\/wp\/v2\/article-categories?post=18174"},{"taxonomy":"doi","embeddable":true,"href":"https:\/\/voelkerrechtsblog.org\/de\/wp-json\/wp\/v2\/doi?post=18174"}],"curies":[{"name":"wp","href":"https:\/\/api.w.org\/{rel}","templated":true}]}}