{"id":17567,"date":"2022-06-03T08:30:25","date_gmt":"2022-06-03T06:30:25","guid":{"rendered":"https:\/\/voelkerrechtsblog.org\/?p=17567"},"modified":"2022-11-07T19:28:42","modified_gmt":"2022-11-07T18:28:42","slug":"18-voelkerrecht-und-verfassung","status":"publish","type":"post","link":"https:\/\/voelkerrechtsblog.org\/de\/18-voelkerrecht-und-verfassung\/","title":{"rendered":"#18 V\u00f6lkerrecht und Verfassung"},"content":{"rendered":"<p><iframe loading=\"lazy\" src=\" https:\/\/anchor.fm\/voelkerrechtspodcast\/embed\/episodes\/18-Vlkerrecht-und-Verfassung-Bitte-recht-freundlich-e1jebdu\" width=\"100%\" height=\"170px\" frameborder=\"0\" scrolling=\"no\"><span style=\"display: inline-block; width: 0px; overflow: hidden; line-height: 0;\" data-mce-type=\"bookmark\" class=\"mce_SELRES_start\">\ufeff<\/span><span style=\"display: inline-block; width: 0px; overflow: hidden; line-height: 0;\" data-mce-type=\"bookmark\" class=\"mce_SELRES_start\"><\/span><\/iframe><\/p>\n<p>Die deutsche Verfassung ist \u201ev\u00f6lkerrechtsfreundlich\u201c. Doch was hei\u00dft das eigentlich genau? Isabel Lischewski erkl\u00e4rt, wie das V\u00f6lkerrecht in Deutschland Wirkung entfaltet und was der Unterschied zwischen Monismus und Dualismus ist. Erik Tuchtfeld hat mit Mehrdad Payandeh \u00fcber die verfassungs- und v\u00f6lkerrechtlichen Voraussetzungen f\u00fcr Auslandseins\u00e4tze gesprochen und inwiefern es sinnvoll ist, die (verfassungs-)gerichtliche Kontrolle f\u00fcr Eins\u00e4tze oder konkrete Handlungen der Bundeswehr zu intensivieren.<\/p>\n<p>Wir freuen uns \u00fcber Lob, Anmerkungen und Kritik an <a href=\"mailto:podcast@voelkerrechtsblog.org\"><u>podcast@voelkerrechtsblog.org<\/u><\/a>. Abonniert unseren Podcast <a href=\"https:\/\/anchor.fm\/s\/4679adec\/podcast\/rss\"><u>via RSS<\/u><\/a>, \u00fcber <a href=\"https:\/\/open.spotify.com\/show\/4e1s8fJ1pHJrMaxIAnomoa\"><u>Spotify<\/u><\/a> oder \u00fcberall dort, wo es Podcasts gibt.<\/p>\n<p><strong>Hintergrundinformationen:<\/strong><\/p>\n<ul>\n<li><a href=\"https:\/\/dejure.org\/1994,79\"><u>Bundesverfassungsgericht, Entscheidung vom 12. Juli 1994 (<\/u><u><em>Parlamentsvorbehalt<\/em><\/u><u>)<\/u><\/a><\/li>\n<li><a href=\"https:\/\/www.bundesverfassungsgericht.de\/SharedDocs\/Pressemitteilungen\/DE\/2015\/bvg15-071.html\"><u>Bundesverfassungsgericht, Entscheidung vom 23. September 2015 (<\/u><u><em>Evakuierungseins\u00e4tze der Bundeswehr<\/em><\/u><u>)<\/u><\/a><\/li>\n<li><a href=\"https:\/\/www.bundesverfassungsgericht.de\/SharedDocs\/Pressemitteilungen\/DE\/2016\/bvg16-009.html\"><u>Bundesverfassungsgericht, Entscheidung vom 12. Februar 2016 (<\/u><u><em>Treaty Override<\/em><\/u><u>)<\/u><\/a><\/li>\n<li><a href=\"https:\/\/www.faz.net\/einspruch\/exklusiv\/afghanistan-evakuierungen-ohne-rechtsgrundlage-17526259.html\"><u><em>Helmut Aust\/Claus Kre\u00df<\/em><\/u><u>, Evakuierungen ohne Rechtsgrundlage?, FAZ Einspruch, 07. September 2021 (\u20ac)<\/u><\/a><\/li>\n<li><a href=\"https:\/\/verfassungsblog.de\/wrong-to-the-core\/\"><u><em>Eliav Lieblich<\/em><\/u><u>, Wrong to the Core: The Supreme Court of Israel\u2019s Ruling on Masafer Yatta, Verfassungsblog, 08. Mai 2022<\/u><\/a><\/li>\n<\/ul>\n<p>Moderation: <a href=\"https:\/\/www.mpil.de\/de\/pub\/institut\/personen\/wissenschaftlicher-bereich\/etuchtfe.cfm\"><u>Erik Tuchtfeld<\/u><\/a> &amp; <a href=\"https:\/\/www.jura.fu-berlin.de\/fachbereich\/einrichtungen\/oeffentliches-recht\/lehrende\/kriegerh\/mitarbeiter\/Schuberth_Sophie\/index.html\"><u>Sophie Schuberth<\/u><\/a><u><br \/>\n<\/u>Grundlagen: <a href=\"https:\/\/www.jura.uni-muenster.de\/de\/institute\/imr\/team\/weitere-personen\/isabel-lischewski\/\"><u>Dr. Isabel Lischewski<\/u><\/a><br \/>\nInterview: <a href=\"https:\/\/www.law-school.de\/profil\/mehrdad-payandeh\"><u>Prof. Dr. Mehrdad Payandeh<\/u><\/a> &amp; <a href=\"https:\/\/www.mpil.de\/de\/pub\/institut\/personen\/wissenschaftlicher-bereich\/etuchtfe.cfm\"><u>Erik Tuchtfeld<\/u><\/a><u><br \/>\n<\/u>Schnitt: <a href=\"https:\/\/www.mpil.de\/en\/pub\/research\/areas\/public-international-law\/scientific-blogs.cfm\"><u>Daniela Rau<\/u><\/a><\/p>\n<p>&nbsp;<\/p>\n<p>Credits:<\/p>\n<ul>\n<li><a href=\"https:\/\/dbtg.tv\/cvid\/7520165\"><u>Deutscher Bundestag, Maika Friemann-Jennert, 07. Mai 2021<\/u><\/a><\/li>\n<\/ul>\n","protected":false},"excerpt":{"rendered":"<p>\ufeff Die deutsche Verfassung ist \u201ev\u00f6lkerrechtsfreundlich\u201c. Doch was hei\u00dft das eigentlich genau? Isabel Lischewski erkl\u00e4rt, wie das V\u00f6lkerrecht in Deutschland Wirkung entfaltet und was der Unterschied zwischen Monismus und Dualismus ist. Erik Tuchtfeld hat mit Mehrdad Payandeh \u00fcber die verfassungs- und v\u00f6lkerrechtlichen Voraussetzungen f\u00fcr Auslandseins\u00e4tze gesprochen und inwiefern es sinnvoll ist, die (verfassungs-)gerichtliche Kontrolle f\u00fcr [&hellip;]<\/p>\n","protected":false},"author":8,"featured_media":0,"comment_status":"open","ping_status":"open","sticky":false,"template":"","format":"standard","meta":{"_acf_changed":false,"footnotes":""},"categories":[6639],"tags":[],"authors":[5020,5621,5004,6671],"article-categories":[5371,6670],"doi":[],"class_list":["post-17567","post","type-post","status-publish","format-standard","hentry","category-uncategorized","authors-erik-tuchtfeld","authors-isabel-lischewski","authors-philipp-eschenhagen","authors-sophie-schuberth","article-categories-media","article-categories-podcast"],"acf":{"subline":"Bitte recht freundlich"},"meta_box":{"doi":""},"_links":{"self":[{"href":"https:\/\/voelkerrechtsblog.org\/de\/wp-json\/wp\/v2\/posts\/17567","targetHints":{"allow":["GET"]}}],"collection":[{"href":"https:\/\/voelkerrechtsblog.org\/de\/wp-json\/wp\/v2\/posts"}],"about":[{"href":"https:\/\/voelkerrechtsblog.org\/de\/wp-json\/wp\/v2\/types\/post"}],"author":[{"embeddable":true,"href":"https:\/\/voelkerrechtsblog.org\/de\/wp-json\/wp\/v2\/users\/8"}],"replies":[{"embeddable":true,"href":"https:\/\/voelkerrechtsblog.org\/de\/wp-json\/wp\/v2\/comments?post=17567"}],"version-history":[{"count":4,"href":"https:\/\/voelkerrechtsblog.org\/de\/wp-json\/wp\/v2\/posts\/17567\/revisions"}],"predecessor-version":[{"id":18695,"href":"https:\/\/voelkerrechtsblog.org\/de\/wp-json\/wp\/v2\/posts\/17567\/revisions\/18695"}],"wp:attachment":[{"href":"https:\/\/voelkerrechtsblog.org\/de\/wp-json\/wp\/v2\/media?parent=17567"}],"wp:term":[{"taxonomy":"category","embeddable":true,"href":"https:\/\/voelkerrechtsblog.org\/de\/wp-json\/wp\/v2\/categories?post=17567"},{"taxonomy":"post_tag","embeddable":true,"href":"https:\/\/voelkerrechtsblog.org\/de\/wp-json\/wp\/v2\/tags?post=17567"},{"taxonomy":"authors","embeddable":true,"href":"https:\/\/voelkerrechtsblog.org\/de\/wp-json\/wp\/v2\/authors?post=17567"},{"taxonomy":"article-categories","embeddable":true,"href":"https:\/\/voelkerrechtsblog.org\/de\/wp-json\/wp\/v2\/article-categories?post=17567"},{"taxonomy":"doi","embeddable":true,"href":"https:\/\/voelkerrechtsblog.org\/de\/wp-json\/wp\/v2\/doi?post=17567"}],"curies":[{"name":"wp","href":"https:\/\/api.w.org\/{rel}","templated":true}]}}