{"id":17026,"date":"2022-03-24T18:00:18","date_gmt":"2022-03-24T17:00:18","guid":{"rendered":"https:\/\/voelkerrechtsblog.org\/?p=17026"},"modified":"2022-03-31T14:32:05","modified_gmt":"2022-03-31T12:32:05","slug":"volkerrechtliche-fragen-zum-krieg-in-der-ukraine","status":"publish","type":"post","link":"https:\/\/voelkerrechtsblog.org\/de\/volkerrechtliche-fragen-zum-krieg-in-der-ukraine\/","title":{"rendered":"V\u00f6lkerrechtliche Fragen zum Krieg in der Ukraine"},"content":{"rendered":"<p>Die Direktor*innen des Walther-Sch\u00fccking-Instituts f\u00fcr Internationales Recht der Christian-Albrechts-Universit\u00e4t zu Kiel, Prof. Dr. Andreas von Arnauld, Prof. Dr. Nele Matz-L\u00fcck und Prof. Dr. Kerstin von der Decken, thematisieren in Kurzvortr\u00e4gen u.a. Fragen des Gewaltverbotes und der Selbstverteidigung, v\u00f6lkerrechtliche Sanktionen und weitere Reaktionsm\u00f6glichkeiten, Handlungsspielr\u00e4ume der Vereinten Nationen, Klagen vor dem IGH, v\u00f6lkerstrafrechtliche Konsequenzen und das Asyl- und Fl\u00fcchtlingsrecht.<\/p>\n<p>&nbsp;<\/p>\n<div style=\"width: 640px;\" class=\"wp-video\"><video class=\"wp-video-shortcode\" id=\"video-17026-1\" width=\"640\" height=\"360\" preload=\"metadata\" controls=\"controls\"><source type=\"video\/mp4\" src=\"https:\/\/intr2dok.vifa-recht.de\/servlets\/MCRFileNodeServlet\/mir_derivate_00012021\/WSIKiel_Ukraine.mp4?_=1\" \/><a href=\"https:\/\/intr2dok.vifa-recht.de\/servlets\/MCRFileNodeServlet\/mir_derivate_00012021\/WSIKiel_Ukraine.mp4\">https:\/\/intr2dok.vifa-recht.de\/servlets\/MCRFileNodeServlet\/mir_derivate_00012021\/WSIKiel_Ukraine.mp4<\/a><\/video><\/div>\n","protected":false},"excerpt":{"rendered":"<p>Die Direktor*innen des Walther-Sch\u00fccking-Instituts f\u00fcr Internationales Recht der Christian-Albrechts-Universit\u00e4t zu Kiel, Prof. Dr. Andreas von Arnauld, Prof. Dr. Nele Matz-L\u00fcck und Prof. Dr. Kerstin von der Decken, thematisieren in Kurzvortr\u00e4gen u.a. Fragen des Gewaltverbotes und der Selbstverteidigung, v\u00f6lkerrechtliche Sanktionen und weitere Reaktionsm\u00f6glichkeiten, Handlungsspielr\u00e4ume der Vereinten Nationen, Klagen vor dem IGH, v\u00f6lkerstrafrechtliche Konsequenzen und das Asyl- [&hellip;]<\/p>\n","protected":false},"author":15,"featured_media":0,"comment_status":"open","ping_status":"open","sticky":false,"template":"","format":"standard","meta":{"_acf_changed":false,"footnotes":""},"categories":[6639],"tags":[],"authors":[6663,6985,6059],"article-categories":[5371],"doi":[],"class_list":["post-17026","post","type-post","status-publish","format-standard","hentry","category-uncategorized","authors-andreas-von-arnauld","authors-kerstin-von-der-decken","authors-nele-matz-luck","article-categories-media"],"acf":{"subline":"V\u00f6lkerrechtliche Tagesthemen: Spotlight (Sonderausgabe)"},"meta_box":{"doi":"10.17176\/20220316-171631-0"},"_links":{"self":[{"href":"https:\/\/voelkerrechtsblog.org\/de\/wp-json\/wp\/v2\/posts\/17026","targetHints":{"allow":["GET"]}}],"collection":[{"href":"https:\/\/voelkerrechtsblog.org\/de\/wp-json\/wp\/v2\/posts"}],"about":[{"href":"https:\/\/voelkerrechtsblog.org\/de\/wp-json\/wp\/v2\/types\/post"}],"author":[{"embeddable":true,"href":"https:\/\/voelkerrechtsblog.org\/de\/wp-json\/wp\/v2\/users\/15"}],"replies":[{"embeddable":true,"href":"https:\/\/voelkerrechtsblog.org\/de\/wp-json\/wp\/v2\/comments?post=17026"}],"version-history":[{"count":2,"href":"https:\/\/voelkerrechtsblog.org\/de\/wp-json\/wp\/v2\/posts\/17026\/revisions"}],"predecessor-version":[{"id":17086,"href":"https:\/\/voelkerrechtsblog.org\/de\/wp-json\/wp\/v2\/posts\/17026\/revisions\/17086"}],"wp:attachment":[{"href":"https:\/\/voelkerrechtsblog.org\/de\/wp-json\/wp\/v2\/media?parent=17026"}],"wp:term":[{"taxonomy":"category","embeddable":true,"href":"https:\/\/voelkerrechtsblog.org\/de\/wp-json\/wp\/v2\/categories?post=17026"},{"taxonomy":"post_tag","embeddable":true,"href":"https:\/\/voelkerrechtsblog.org\/de\/wp-json\/wp\/v2\/tags?post=17026"},{"taxonomy":"authors","embeddable":true,"href":"https:\/\/voelkerrechtsblog.org\/de\/wp-json\/wp\/v2\/authors?post=17026"},{"taxonomy":"article-categories","embeddable":true,"href":"https:\/\/voelkerrechtsblog.org\/de\/wp-json\/wp\/v2\/article-categories?post=17026"},{"taxonomy":"doi","embeddable":true,"href":"https:\/\/voelkerrechtsblog.org\/de\/wp-json\/wp\/v2\/doi?post=17026"}],"curies":[{"name":"wp","href":"https:\/\/api.w.org\/{rel}","templated":true}]}}