{"id":16863,"date":"2022-03-18T12:00:27","date_gmt":"2022-03-18T11:00:27","guid":{"rendered":"https:\/\/voelkerrechtsblog.org\/?p=16863"},"modified":"2022-11-07T19:44:11","modified_gmt":"2022-11-07T18:44:11","slug":"shorts-ukrainekrieg-mit-katja-keul","status":"publish","type":"post","link":"https:\/\/voelkerrechtsblog.org\/de\/shorts-ukrainekrieg-mit-katja-keul\/","title":{"rendered":"SHORTS: Ukrainekrieg mit Katja Keul"},"content":{"rendered":"<p><iframe loading=\"lazy\" src=\"https:\/\/anchor.fm\/voelkerrechtspodcast\/embed\/episodes\/SHORTS-Ukrainekrieg-mit-Katja-Keul-e1ft0qn\" width=\"100%\" height=\"170px\" frameborder=\"0\" scrolling=\"no\"><span style=\"display: inline-block; width: 0px; overflow: hidden; line-height: 0;\" data-mce-type=\"bookmark\" class=\"mce_SELRES_start\"><\/span><\/iframe><\/p>\n<p>In dieser Folge spricht Philipp Eschenhagen mit Katja Keul, MdB f\u00fcr B\u00fcndnis 90\/Die Gr\u00fcnen und Staatsministerin im Ausw\u00e4rtigen Amt, \u00fcber den Angriffskrieg Russlands gegen die Ukraine. Wie ist die Kraft des V\u00f6lkerrechts in der aktuellen Lage zu bewerten? Wie verh\u00e4lt sich Deutschland zu einer Strafverfolgung durch den IStGH und welche Rolle spielt das V\u00f6lkerrecht in der Friedensdiplomatie?<\/p>\n<p>Dies ist die erste Folge unseres neuen Formats, den \u201eV\u00f6lkerrechtsshorts\u201c! Die Folgen sind mit max. 20 Minuten k\u00fcrzer und behandeln jeweils ein konkretes Thema. Zu h\u00f6ren ist jeweils ein Interview mit G\u00e4sten aus der Praxis des internationalen Rechts.<\/p>\n<p><strong>Hintergrundinformationen:<\/strong><\/p>\n<ul>\n<li><a href=\"https:\/\/voelkerrechtsblog.org\/symposium\/russian-invasion\/\"><u>Symposium zum Angriffskriegs Russlands auf die Ukraine auf dem V\u00f6lkerrechtsblog<\/u><\/a><\/li>\n<\/ul>\n<p>Interview: <a href=\"https:\/\/www.auswaertiges-amt.de\/de\/aamt\/leitung\/staatsministerin-keul\/200532\"><u>Katja Keul<\/u><\/a> &amp; <a href=\"https:\/\/voelkerrechtsblog.org\/de\/authors\/philipp-eschenhagen\/\"><u>Philipp Eschenhagen<\/u><\/a><u><br \/>\n<\/u>Schnitt: <a href=\"https:\/\/voelkerrechtsblog.org\/de\/authors\/philipp-eschenhagen\/\"><u>Philipp Eschenhagen<\/u><\/a><\/p>\n","protected":false},"excerpt":{"rendered":"<p>In dieser Folge spricht Philipp Eschenhagen mit Katja Keul, MdB f\u00fcr B\u00fcndnis 90\/Die Gr\u00fcnen und Staatsministerin im Ausw\u00e4rtigen Amt, \u00fcber den Angriffskrieg Russlands gegen die Ukraine. Wie ist die Kraft des V\u00f6lkerrechts in der aktuellen Lage zu bewerten? Wie verh\u00e4lt sich Deutschland zu einer Strafverfolgung durch den IStGH und welche Rolle spielt das V\u00f6lkerrecht in [&hellip;]<\/p>\n","protected":false},"author":8,"featured_media":0,"comment_status":"open","ping_status":"open","sticky":false,"template":"","format":"standard","meta":{"_acf_changed":false,"footnotes":""},"categories":[6639],"tags":[],"authors":[5020,5621,5004,6671],"article-categories":[5371,6670],"doi":[],"class_list":["post-16863","post","type-post","status-publish","format-standard","hentry","category-uncategorized","authors-erik-tuchtfeld","authors-isabel-lischewski","authors-philipp-eschenhagen","authors-sophie-schuberth","article-categories-media","article-categories-podcast"],"acf":{"subline":""},"meta_box":{"doi":"10.17176\/20220318-120945-0"},"_links":{"self":[{"href":"https:\/\/voelkerrechtsblog.org\/de\/wp-json\/wp\/v2\/posts\/16863","targetHints":{"allow":["GET"]}}],"collection":[{"href":"https:\/\/voelkerrechtsblog.org\/de\/wp-json\/wp\/v2\/posts"}],"about":[{"href":"https:\/\/voelkerrechtsblog.org\/de\/wp-json\/wp\/v2\/types\/post"}],"author":[{"embeddable":true,"href":"https:\/\/voelkerrechtsblog.org\/de\/wp-json\/wp\/v2\/users\/8"}],"replies":[{"embeddable":true,"href":"https:\/\/voelkerrechtsblog.org\/de\/wp-json\/wp\/v2\/comments?post=16863"}],"version-history":[{"count":6,"href":"https:\/\/voelkerrechtsblog.org\/de\/wp-json\/wp\/v2\/posts\/16863\/revisions"}],"predecessor-version":[{"id":18700,"href":"https:\/\/voelkerrechtsblog.org\/de\/wp-json\/wp\/v2\/posts\/16863\/revisions\/18700"}],"wp:attachment":[{"href":"https:\/\/voelkerrechtsblog.org\/de\/wp-json\/wp\/v2\/media?parent=16863"}],"wp:term":[{"taxonomy":"category","embeddable":true,"href":"https:\/\/voelkerrechtsblog.org\/de\/wp-json\/wp\/v2\/categories?post=16863"},{"taxonomy":"post_tag","embeddable":true,"href":"https:\/\/voelkerrechtsblog.org\/de\/wp-json\/wp\/v2\/tags?post=16863"},{"taxonomy":"authors","embeddable":true,"href":"https:\/\/voelkerrechtsblog.org\/de\/wp-json\/wp\/v2\/authors?post=16863"},{"taxonomy":"article-categories","embeddable":true,"href":"https:\/\/voelkerrechtsblog.org\/de\/wp-json\/wp\/v2\/article-categories?post=16863"},{"taxonomy":"doi","embeddable":true,"href":"https:\/\/voelkerrechtsblog.org\/de\/wp-json\/wp\/v2\/doi?post=16863"}],"curies":[{"name":"wp","href":"https:\/\/api.w.org\/{rel}","templated":true}]}}