{"id":16705,"date":"2022-03-04T14:20:21","date_gmt":"2022-03-04T13:20:21","guid":{"rendered":"https:\/\/voelkerrechtsblog.org\/de\/?p=16705"},"modified":"2022-11-07T19:47:33","modified_gmt":"2022-11-07T18:47:33","slug":"15-das-internationale-investitionsschutzrecht","status":"publish","type":"post","link":"https:\/\/voelkerrechtsblog.org\/de\/15-das-internationale-investitionsschutzrecht\/","title":{"rendered":"#15 Das internationale Investitionsschutzrecht durch die Linse der emerging powers"},"content":{"rendered":"<p><iframe loading=\"lazy\" src=\"https:\/\/anchor.fm\/voelkerrechtspodcast\/embed\/episodes\/15-Das-internationale-Investitionsschutzrecht-durch-die-Linse-der-emerging-powers-e1f7t82\" width=\"100%\" height=\"170px\" frameborder=\"0\" scrolling=\"no\"><span style=\"display: inline-block; width: 0px; overflow: hidden; line-height: 0;\" data-mce-type=\"bookmark\" class=\"mce_SELRES_start\"><\/span><\/iframe><\/p>\n<p>Habt ihr Euch schon mal \u00fcberlegt, wie man anwaltlich im V\u00f6lkerrecht t\u00e4tig sein kann? Der Investitionsschutz ist da eventuell eine M\u00f6glichkeit &#8211; das erkl\u00e4rt Isabel Lischewski und gibt uns dabei eine kleine Einf\u00fchrung in das internationale Investitionsschutzrecht. Au\u00dferdem spricht Sophie Schuberth im Interview mit Andreas Buser \u00fcber die Haltung der emerging powers (Brasilien, Indien, China und S\u00fcdafrika) zum Investitionsschutzrecht und dar\u00fcber wie sich deren Position in der Vergangenheit ver\u00e4ndert hat. Wie sehen die Reformbestrebungen der emerging powers aus und wie werden sie das Investitionsschutzrechtsregime ver\u00e4ndern?<\/p>\n<p><strong>Hintergrundinformationen:<\/strong><\/p>\n<ul>\n<li><a href=\"https:\/\/link.springer.com\/book\/10.1007\/978-3-030-63639-5\"><span lang=\"en-US\">Andreas Buser, <\/span><span lang=\"en-US\">Emerging Powers, Global Justice and International Economic Law: Reformers of an Unjust Order? <\/span><span lang=\"en-US\">(Springer 2021)<\/span><\/a><\/li>\n<li><a href=\"http:\/\/opiniojuris.org\/2021\/02\/01\/symposium-emerging-powers-global-justice-and-international-economic-law\/\"><span lang=\"en-US\">Symposium: Emerging Powers, Global Justice and International Economic Law, Opinio Iuris<\/span><\/a><\/li>\n<\/ul>\n<p>Moderation: <a href=\"https:\/\/www.mpil.de\/de\/pub\/institut\/personen\/wissenschaftlicher-bereich\/etuchtfe.cfm\" target=\"https:\/\/www.mpil.de\/de\/pub\/institut\/personen\/wissenschaftlicher-bereich\/etuchtfe.cfm\" rel=\"noopener\">Erik Tuchtfeld<\/a> &amp; <a href=\"https:\/\/www.kfg-intlaw.de\/Team\/Postdocs\/postdocs_einzel.php?ID=16\" target=\"https:\/\/www.jura.fu-berlin.de\/fachbereich\/einrichtungen\/oeffentliches-recht\/lehrende\/kriegerh\/mitarbeiter\/Schuberth_Sophie\/index.html\" rel=\"noopener\">Sophie Schuberth<\/a><br \/>\nGrundlagen: <a href=\"https:\/\/www.jura.uni-muenster.de\/de\/institute\/imr\/team\/weitere-personen\/isabel-lischewski\/\" target=\"https:\/\/www.jura.uni-muenster.de\/de\/institute\/imr\/team\/weitere-personen\/isabel-lischewski\/\" rel=\"noopener\">Dr. Isabel Lischewski<\/a><br \/>\nInterview: <a href=\"https:\/\/www.jura.fu-berlin.de\/fachbereich\/einrichtungen\/oeffentliches-recht\/lehrende\/kriegerh\/mitarbeiter\/Andreas-Buser-1\/index.html\" target=\"https:\/\/www.mpil.de\/de\/pub\/institut\/personen\/wissenschaftlicher-bereich\/dschmalz.cfm\" rel=\"noopener\">Dr. Andreas Buser<\/a> &amp; <a href=\"https:\/\/www.kfg-intlaw.de\/Team\/Postdocs\/postdocs_einzel.php?ID=16\" target=\"https:\/\/www.jura.fu-berlin.de\/fachbereich\/einrichtungen\/oeffentliches-recht\/lehrende\/kriegerh\/mitarbeiter\/Schuberth_Sophie\/index.html\" rel=\"noopener\">Sophie Schuberth<\/a><br \/>\nSchnitt: <a href=\"https:\/\/www.mpil.de\/en\/pub\/research\/areas\/public-international-law\/scientific-blogs.cfm\" target=\"https:\/\/www.mpil.de\/en\/pub\/research\/areas\/public-international-law\/scientific-blogs.cfm\" rel=\"noopener\">Daniela Rau<\/a><\/p>\n<p><strong>Credits:<\/strong><\/p>\n<ul>\n<li><a href=\"https:\/\/dbtg.tv\/cvid\/7441910\">Peter Altmaier (CDU), Rede im Bundestag, 23. April 2020<\/a><\/li>\n<li><a href=\"https:\/\/www.youtube.com\/watch?v=nN7hK-Cbb-o\"><span lang=\"en-US\">Judge AbdulqawiYusuf, Balancing Rights and Obligations of States and Investors<\/span><\/a><\/li>\n<\/ul>\n","protected":false},"excerpt":{"rendered":"<p>Habt ihr Euch schon mal \u00fcberlegt, wie man anwaltlich im V\u00f6lkerrecht t\u00e4tig sein kann? Der Investitionsschutz ist da eventuell eine M\u00f6glichkeit &#8211; das erkl\u00e4rt Isabel Lischewski und gibt uns dabei eine kleine Einf\u00fchrung in das internationale Investitionsschutzrecht. Au\u00dferdem spricht Sophie Schuberth im Interview mit Andreas Buser \u00fcber die Haltung der emerging powers (Brasilien, Indien, China [&hellip;]<\/p>\n","protected":false},"author":5,"featured_media":0,"comment_status":"open","ping_status":"open","sticky":false,"template":"","format":"standard","meta":{"_acf_changed":false,"footnotes":""},"categories":[6639],"tags":[],"authors":[5020,5621,5004,6671],"article-categories":[5371,6670],"doi":[],"class_list":["post-16705","post","type-post","status-publish","format-standard","hentry","category-uncategorized","authors-erik-tuchtfeld","authors-isabel-lischewski","authors-philipp-eschenhagen","authors-sophie-schuberth","article-categories-media","article-categories-podcast"],"acf":{"subline":""},"meta_box":{"doi":"10.17176\/20220305-000919-0"},"_links":{"self":[{"href":"https:\/\/voelkerrechtsblog.org\/de\/wp-json\/wp\/v2\/posts\/16705","targetHints":{"allow":["GET"]}}],"collection":[{"href":"https:\/\/voelkerrechtsblog.org\/de\/wp-json\/wp\/v2\/posts"}],"about":[{"href":"https:\/\/voelkerrechtsblog.org\/de\/wp-json\/wp\/v2\/types\/post"}],"author":[{"embeddable":true,"href":"https:\/\/voelkerrechtsblog.org\/de\/wp-json\/wp\/v2\/users\/5"}],"replies":[{"embeddable":true,"href":"https:\/\/voelkerrechtsblog.org\/de\/wp-json\/wp\/v2\/comments?post=16705"}],"version-history":[{"count":5,"href":"https:\/\/voelkerrechtsblog.org\/de\/wp-json\/wp\/v2\/posts\/16705\/revisions"}],"predecessor-version":[{"id":16814,"href":"https:\/\/voelkerrechtsblog.org\/de\/wp-json\/wp\/v2\/posts\/16705\/revisions\/16814"}],"wp:attachment":[{"href":"https:\/\/voelkerrechtsblog.org\/de\/wp-json\/wp\/v2\/media?parent=16705"}],"wp:term":[{"taxonomy":"category","embeddable":true,"href":"https:\/\/voelkerrechtsblog.org\/de\/wp-json\/wp\/v2\/categories?post=16705"},{"taxonomy":"post_tag","embeddable":true,"href":"https:\/\/voelkerrechtsblog.org\/de\/wp-json\/wp\/v2\/tags?post=16705"},{"taxonomy":"authors","embeddable":true,"href":"https:\/\/voelkerrechtsblog.org\/de\/wp-json\/wp\/v2\/authors?post=16705"},{"taxonomy":"article-categories","embeddable":true,"href":"https:\/\/voelkerrechtsblog.org\/de\/wp-json\/wp\/v2\/article-categories?post=16705"},{"taxonomy":"doi","embeddable":true,"href":"https:\/\/voelkerrechtsblog.org\/de\/wp-json\/wp\/v2\/doi?post=16705"}],"curies":[{"name":"wp","href":"https:\/\/api.w.org\/{rel}","templated":true}]}}