{"id":16196,"date":"2022-01-07T10:43:06","date_gmt":"2022-01-07T09:43:06","guid":{"rendered":"https:\/\/voelkerrechtsblog.org\/de\/?p=16196"},"modified":"2022-11-10T11:30:04","modified_gmt":"2022-11-10T10:30:04","slug":"13-regionaler-menschenrechtsschutz","status":"publish","type":"post","link":"https:\/\/voelkerrechtsblog.org\/de\/13-regionaler-menschenrechtsschutz\/","title":{"rendered":"#13 Regionaler Menschenrechtsschutz"},"content":{"rendered":"<p><iframe loading=\"lazy\" src=\"https:\/\/anchor.fm\/voelkerrechtspodcast\/embed\/episodes\/13-Regionaler-Menschenrechtsschutz-Wir-sehen-uns-vor-Gericht-e1cjsht\" width=\"100%\" height=\"170px\" frameborder=\"0\" scrolling=\"no\"><span style=\"display: inline-block; width: 0px; overflow: hidden; line-height: 0;\" data-mce-type=\"bookmark\" class=\"mce_SELRES_start\"><\/span><\/iframe><\/p>\n<p>Das neue Jahr beginnt f\u00fcr viele mit guten Vors\u00e4tzen. Was das mit (regionalen) Menschenrechtsvertr\u00e4gen zu tun hat, erkl\u00e4rt Isabel <span class=\"last-name\">Lischewski<\/span> im Grundlagenteil. Dabei geht sie auf die Rolle des Europ\u00e4ischen Gerichtshof f\u00fcr Menschenrechte (EGMR) und seine Bedeutung f\u00fcr den Menschenrechtsschutz in Europa ein. Erik Tuchtfeld hat mit Ximena Soley \u00fcber ein anderes regionales Menschenrechtsgericht gesprochen: Den Inter-Amerikanischen Gerichtshof f\u00fcr Menschenrechte (IAGMR) und dessen Einbettung in die Organisation Amerikanischer Staaten (OAS).<\/p>\n<p>Au\u00dferdem gibt es gute Nachrichten, \u00fcber die wir uns sehr freuen: Der V\u00f6lkerrechtspodcast hat den zweiten Platz in der Kategorie \u201eSonstige Podcasts\u201c im Wettbewerb von JURios <a href=\"https:\/\/jurios.de\/2022\/01\/02\/jura-podcast-preis-2021-die-gewinnerinnen\/\">gewonnen<\/a>! Vielen Dank f\u00fcr die zahlreiche Unterst\u00fctzung!<\/p>\n<p>Wir freuen uns \u00fcber Lob, Anmerkungen und Kritik an <a href=\"mailto:podcast@voelkerrechtsblog.org\" target=\"mailto:podcast@voelkerrechtsblog.org\" rel=\"noopener\">podcast@voelkerrechtsblog.org<\/a>.Abonniert unseren Podcast <a href=\"https:\/\/anchor.fm\/s\/4679adec\/podcast\/rss\" target=\"https:\/\/anchor.fm\/s\/4679adec\/podcast\/rss\" rel=\"noopener\">via RSS<\/a>, \u00fcber <a href=\"https:\/\/open.spotify.com\/show\/4e1s8fJ1pHJrMaxIAnomoa\" target=\"https:\/\/open.spotify.com\/show\/4e1s8fJ1pHJrMaxIAnomoa\" rel=\"noopener\">Spotify<\/a> oder \u00fcberall dort, wo es Podcasts gibt.<\/p>\n<p>Hintergrundinformationen:<\/p>\n<ul>\n<li><a href=\"https:\/\/www.zaoerv.de\/76_2016\/76_2016_2_a_245_308.pdf\">Keller &amp; K\u00fchne, Zur Verfassungsgerichtsbarkeit des Europ\u00e4ischen Gerichtshofs f\u00fcr Menschenrechte, Za\u00f6RV 2016, 245<\/a><\/li>\n<li><a href=\"https:\/\/oxcon.ouplaw.com\/view\/10.1093\/law\/9780198795919.001.0001\/law-9780198795919-chapter-14\" target=\"https:\/\/oxcon.ouplaw.com\/view\/10.1093\/law\/9780198795919.001.0001\/law-9780198795919-chapter-14\" rel=\"noopener\">Ragone, The Inter-American System of Human Rights: Essential Features, in Bogdandy et al. (Hrsg.), Transformative Constitutionalism in Latin America: The Emergence of a New Ius Commune, 2017<\/a><\/li>\n<li><a href=\"https:\/\/papers.ssrn.com\/sol3\/papers.cfm?abstract_id=3463059\" target=\"https:\/\/papers.ssrn.com\/sol3\/papers.cfm?abstract_id=3463059\" rel=\"noopener\">von Bogdandy, The Transformative Mandate of the Inter-American System \u2013 Legality and Legitimacy of an Extraordinary Jurisgenerative Process, Max Planck Institute for Comparative Public Law &amp; International Law (MPIL) Research Paper No. 2019-16<\/a><\/li>\n<li><a href=\"https:\/\/web.archive.org\/web\/20200310130851id_\/https:\/\/www.cambridge.org\/core\/services\/aop-cambridge-core\/content\/view\/572FCD1B3E1C2AD9C5F1A71BB500152D\/S1744552318000058a.pdf\/div-class-title-parting-ways-or-lashing-back-withdrawals-backlash-and-the-inter-american-court-of-human-rights-div.pdf\" target=\"https:\/\/web.archive.org\/web\/20200310130851id_\/https:\/\/www.cambridge.org\/core\/services\/aop-cambridge-core\/content\/view\/572FCD1B3E1C2AD9C5F1A71BB500152D\/S1744552318000058a.pdf\/div-class-title-parting-ways-or-lashing-back-withdrawals-backlash-and-the-inter-american-court-of-human-rights-div.pdf\" rel=\"noopener\">Soley &amp; Steininger, Parting ways or lashing back? Withdrawals, backlash and the Inter-American Court of Human Rights, International Journal of Law in Context, 2018, 237<\/a><\/li>\n<li><a href=\"https:\/\/www.nomos-elibrary.de\/10.17104\/0044-2348-2021-2-533\/with-or-without-you-suspension-expulsion-and-the-limits-of-membership-sanctions-in-regional-human-rights-regimes-jahrgang-81-2021-heft-2?page=1\">Steininger, With or Without You: Suspension, Expulsion, and the Limits of Membership Sanctions in Regional Human Rights Regimes, Za\u00f6RV 2021, 533<\/a><\/li>\n<li><a href=\"https:\/\/www.corteidh.or.cr\/docs\/opiniones\/seriea_24_eng.pdf\" target=\"https:\/\/www.corteidh.or.cr\/docs\/opiniones\/seriea_24_eng.pdf\" rel=\"noopener\">Inter-American Court of Human Rights, Advisory Opinion 24\/17 on State Obligations Concerning change of Name, Gender Identity, and Rights Derived From a Relationship Between Same-Sex Couples (Interpretation and Scope of Articles 1(1), 3, 7, 11(2), 13, 17, 18 and 24, in Relation to Article 1, of the American Convention on Human Rights)<\/a><\/li>\n<li><a href=\"https:\/\/vimeo.com\/elearningiccal\">Ius Constitutionale Commune en Am\u00e9rica Latina (ICCAL), eLearning-Plattform auf Vimeo<\/a> (auf Spanisch)<\/li>\n<\/ul>\n<p>Moderation: <a href=\"https:\/\/www.mpil.de\/de\/pub\/institut\/personen\/wissenschaftlicher-bereich\/etuchtfe.cfm\" target=\"https:\/\/www.mpil.de\/de\/pub\/institut\/personen\/wissenschaftlicher-bereich\/etuchtfe.cfm\" rel=\"noopener\">Erik Tuchtfeld<\/a> &amp; <a href=\"https:\/\/www.jura.uni-muenster.de\/de\/institute\/imr\/team\/weitere-personen\/isabel-lischewski\/\" target=\"https:\/\/www.jura.uni-muenster.de\/de\/institute\/imr\/team\/weitere-personen\/isabel-lischewski\/\" rel=\"noopener\">Dr. Isabel Lischewski<\/a><br \/>\nGrundlagen: <a href=\"https:\/\/www.jura.uni-muenster.de\/de\/institute\/imr\/team\/weitere-personen\/isabel-lischewski\/\" target=\"https:\/\/www.jura.uni-muenster.de\/de\/institute\/imr\/team\/weitere-personen\/isabel-lischewski\/\" rel=\"noopener\">Dr. Isabel Lischewski<\/a><br \/>\nInterview: <a href=\"https:\/\/www.mpil.de\/de\/pub\/institut\/personen\/wissenschaftlicher-bereich\/wissenschaftler-am-institut-ab\/xsoley.cfm\" target=\"https:\/\/www.mpil.de\/de\/pub\/institut\/personen\/wissenschaftlicher-bereich\/wissenschaftler-am-institut-ab\/xsoley.cfm\" rel=\"noopener\">Dr. Ximena Soley<\/a> &amp; <a href=\"https:\/\/www.mpil.de\/de\/pub\/institut\/personen\/wissenschaftlicher-bereich\/etuchtfe.cfm\" target=\"https:\/\/www.mpil.de\/de\/pub\/institut\/personen\/wissenschaftlicher-bereich\/etuchtfe.cfm\" rel=\"noopener\">Erik Tuchtfeld<\/a><br \/>\nSchnitt: <a href=\"https:\/\/www.mpil.de\/en\/pub\/research\/areas\/public-international-law\/scientific-blogs.cfm\" target=\"https:\/\/www.mpil.de\/en\/pub\/research\/areas\/public-international-law\/scientific-blogs.cfm\" rel=\"noopener\">Daniela Rau<\/a><\/p>\n<p>Credits:<\/p>\n<ul>\n<li><a href=\"https:\/\/www.bundestag.de\/mediathek?videoid=7501608#url=bWVkaWF0aGVrb3ZlcmxheT92aWRlb2lkPTc1MDE2MDg=&amp;mod=mediathek\">Heiko Maas, Bundestag: Aktuelle Stunde zu den j\u00fcngsten Entwicklungen in Russland, 10. Februar 2021<\/a> (gefunden \u00fcber <a href=\"https:\/\/de.openparliament.tv\/about\">OpenParliament.TV<\/a>)<\/li>\n<\/ul>\n","protected":false},"excerpt":{"rendered":"<p>Das neue Jahr beginnt f\u00fcr viele mit guten Vors\u00e4tzen. Was das mit (regionalen) Menschenrechtsvertr\u00e4gen zu tun hat, erkl\u00e4rt Isabel Lischewski im Grundlagenteil. Dabei geht sie auf die Rolle des Europ\u00e4ischen Gerichtshof f\u00fcr Menschenrechte (EGMR) und seine Bedeutung f\u00fcr den Menschenrechtsschutz in Europa ein. Erik Tuchtfeld hat mit Ximena Soley \u00fcber ein anderes regionales Menschenrechtsgericht gesprochen: [&hellip;]<\/p>\n","protected":false},"author":5,"featured_media":0,"comment_status":"open","ping_status":"open","sticky":false,"template":"","format":"standard","meta":{"_acf_changed":false,"footnotes":""},"categories":[6639],"tags":[],"authors":[5020,5621,5004,6671],"article-categories":[5371,6670],"doi":[],"class_list":["post-16196","post","type-post","status-publish","format-standard","hentry","category-uncategorized","authors-erik-tuchtfeld","authors-isabel-lischewski","authors-philipp-eschenhagen","authors-sophie-schuberth","article-categories-media","article-categories-podcast"],"acf":{"subline":"Wir sehen uns vor Gericht!"},"meta_box":{"doi":"10.17176\/20220107-194902-0"},"_links":{"self":[{"href":"https:\/\/voelkerrechtsblog.org\/de\/wp-json\/wp\/v2\/posts\/16196","targetHints":{"allow":["GET"]}}],"collection":[{"href":"https:\/\/voelkerrechtsblog.org\/de\/wp-json\/wp\/v2\/posts"}],"about":[{"href":"https:\/\/voelkerrechtsblog.org\/de\/wp-json\/wp\/v2\/types\/post"}],"author":[{"embeddable":true,"href":"https:\/\/voelkerrechtsblog.org\/de\/wp-json\/wp\/v2\/users\/5"}],"replies":[{"embeddable":true,"href":"https:\/\/voelkerrechtsblog.org\/de\/wp-json\/wp\/v2\/comments?post=16196"}],"version-history":[{"count":8,"href":"https:\/\/voelkerrechtsblog.org\/de\/wp-json\/wp\/v2\/posts\/16196\/revisions"}],"predecessor-version":[{"id":18724,"href":"https:\/\/voelkerrechtsblog.org\/de\/wp-json\/wp\/v2\/posts\/16196\/revisions\/18724"}],"wp:attachment":[{"href":"https:\/\/voelkerrechtsblog.org\/de\/wp-json\/wp\/v2\/media?parent=16196"}],"wp:term":[{"taxonomy":"category","embeddable":true,"href":"https:\/\/voelkerrechtsblog.org\/de\/wp-json\/wp\/v2\/categories?post=16196"},{"taxonomy":"post_tag","embeddable":true,"href":"https:\/\/voelkerrechtsblog.org\/de\/wp-json\/wp\/v2\/tags?post=16196"},{"taxonomy":"authors","embeddable":true,"href":"https:\/\/voelkerrechtsblog.org\/de\/wp-json\/wp\/v2\/authors?post=16196"},{"taxonomy":"article-categories","embeddable":true,"href":"https:\/\/voelkerrechtsblog.org\/de\/wp-json\/wp\/v2\/article-categories?post=16196"},{"taxonomy":"doi","embeddable":true,"href":"https:\/\/voelkerrechtsblog.org\/de\/wp-json\/wp\/v2\/doi?post=16196"}],"curies":[{"name":"wp","href":"https:\/\/api.w.org\/{rel}","templated":true}]}}