{"id":15432,"date":"2021-10-01T12:03:31","date_gmt":"2021-10-01T10:03:31","guid":{"rendered":"https:\/\/voelkerrechtsblog.org\/de\/?p=15432"},"modified":"2022-11-10T11:38:27","modified_gmt":"2022-11-10T10:38:27","slug":"10-kritische-perspektiven-auf-das-volkerrecht","status":"publish","type":"post","link":"https:\/\/voelkerrechtsblog.org\/de\/10-kritische-perspektiven-auf-das-volkerrecht\/","title":{"rendered":"#10 Kritische Perspektiven auf das V\u00f6lkerrecht"},"content":{"rendered":"<p><iframe loading=\"lazy\" src=\"https:\/\/anchor.fm\/voelkerrechtspodcast\/embed\/episodes\/10-Kritische-Perspektiven-auf-das-Vlkerrecht-Was-nicht-in-euren-Lehrbchern-steht-e185dh1\" width=\"100%\" height=\"170px\" frameborder=\"0\" scrolling=\"no\"><span style=\"display: inline-block; width: 0px; overflow: hidden; line-height: 0;\" data-mce-type=\"bookmark\" class=\"mce_SELRES_start\"><\/span><\/iframe><\/p>\n<p>Warum ist unser (V\u00f6lker-)Recht so, wie es ist? Welche Machtverh\u00e4ltnisse beg\u00fcnstigen bestimmte Auslegungen einzelner Normen? Kritische Perspektiven auf das V\u00f6lkerrecht hinterfragen den Kontext von Normen und ihre Entstehungsgeschichte.<\/p>\n<p>Weil diese Theorien im Studium leider oft etwas zu kurz kommen, behandeln wir sie heute in unserer zehnten Folge, p\u00fcnktlich zum Semesterstart. Isabel Lischewski gibt eine kurze Einf\u00fchrung zu spezifisch feministischen Herangehensweisen, Erik Tuchtfeld spricht mit Sigrid Boysen \u00fcber postkoloniale Kritik am V\u00f6lkerrecht. Insbesondere geht es dabei um die Rolle des Umweltrechts, das oft als \u201egutes Geschwisterkind\u201c des Investitionsschutzrechts wahrgenommen wird, aber auch bestehende Machtasymmetrien fortschreibt.<\/p>\n<p>Etwas ausf\u00fchrlicher haben wir dieses Mal unserer Hintergrundinformationen gestaltet, in denen die Redaktion verschiedene Beitr\u00e4ge zum Einstieg in kritische Perspektiven auf das V\u00f6lkerrecht gesammelt hat.<\/p>\n<p>Wir freuen uns \u00fcber Lob, Anmerkungen und Kritik an <a href=\"mailto:podcast@voelkerrechtsblog.org\" target=\"mailto:podcast@voelkerrechtsblog.org\" rel=\"noopener\">podcast@voelkerrechtsblog.org<\/a>. Abonniert unseren Podcast <a href=\"https:\/\/anchor.fm\/s\/4679adec\/podcast\/rss\" target=\"_blank\" rel=\"noopener\">via RSS<\/a>, \u00fcber <a href=\"https:\/\/open.spotify.com\/show\/4e1s8fJ1pHJrMaxIAnomoa\" target=\"_blank\" rel=\"noopener\">Spotify<\/a> oder \u00fcberall dort, wo es Podcasts gibt.<\/p>\n<p align=\"justify\"><strong>Hintergrundinformationen:<\/strong><\/p>\n<p>Artikel und Blogposts<\/p>\n<ul>\n<li><a href=\"https:\/\/elibrary.duncker-humblot.com\/publikation\/b\/id\/33063\/\">Anne Peters, There is nothing more practical than a good theory: An overview of contemporary approaches to international law, 2001<\/a><\/li>\n<li><a href=\"https:\/\/openresearch-repository.anu.edu.au\/handle\/1885\/80561\">Hilary Charlesworth, Not Waving But Drowning: Gender Mainstreaming and Human Rights in the United Nations, 2005<\/a><\/li>\n<li><a href=\"https:\/\/www.elgaronline.com\/view\/edcoll\/9781785363917\/9781785363917.00016.xml\">Siobhan Airey, Sexing Consent in International Law, 2019<\/a><\/li>\n<li><a href=\"https:\/\/voelkerrechtsblog.org\/de\/symposium\/feminist-engagement-with-international-law\/\">V\u00f6lkerrechtsblog-Symposium: Feminist Engagement with International Law, 2020<\/a><\/li>\n<li><a href=\"https:\/\/internationallawandtheglobalsouth.com\/an-open-reading-list-feminism-and-international-law\/\">International Law &amp; The Global South, An open reading list: Feminism and international law, 2021<\/a><\/li>\n<li><a href=\"https:\/\/academic.oup.com\/chinesejil\/article-abstract\/2\/1\/77\/358083\">Antony Anghie and B.S. Chimni, Third World Approaches to International Law and Individual Responsibility in Internal Conflicts, 2003<\/a><\/li>\n<li><a href=\"https:\/\/www.jnu.ac.in\/sites\/default\/files\/Third%20World%20Manifesto%20BSChimni.pdf\">B.S. Chimni, Third World Approaches to International Law: A Manifesto, 2006<\/a><\/li>\n<li><a href=\"https:\/\/www.jstor.org\/stable\/4017775\">Antony Anghie, The Evolution of International Law: colonial and postcolonial realities, 2006<\/a><\/li>\n<li><a href=\"https:\/\/www.cambridge.org\/core\/books\/international-law-and-its-others\/on-critique-and-the-other\/AFC222F168FC106FDC90534F42DE6A90\">Antony Anghie, On critique and the other, 2006<\/a><\/li>\n<li><a href=\"https:\/\/internationallawandtheglobalsouth.com\/decolonisation-oceans-and-international-law-a-conversation-with-dr-surabhi-ranganathan\/\">International Law &amp; The Global South, Decolonisation, Oceans and International Law: A Conversation with Dr. Surabhi Ranganathan, 2021<\/a><\/li>\n<\/ul>\n<p>Monographien und Sammelb\u00e4nde:<\/p>\n<ul>\n<li><a href=\"https:\/\/www.upress.umn.edu\/book-division\/books\/governance-feminism-1\">Janet Halley, Prabha Kotiswaran, Rachel Rebouch\u00e9 und Hila Shamir, Governance Feminism: An Introduction, 2018<\/a><\/li>\n<li><a href=\"https:\/\/brill.com\/view\/title\/38768?language=en\">Irini Papanicolopulu (Hrsg.), Gender and the Law of the Sea, 2019<\/a><\/li>\n<li><a href=\"https:\/\/www.elgaronline.com\/view\/edcoll\/9781785363917\/9781785363917.xml\">Susan Harris Rimmer und Kate Ogg (Hrsg.), Research Handbook on Feminist Engagement with International Law, 2019<\/a><\/li>\n<li><a href=\"https:\/\/www.cambridge.org\/core\/books\/imperialism-sovereignty-and-the-making-of-international-law\/8AFA91E6F502B2C4996BB14E1A548E7A\">Antony Angie, Imperialism, Sovereignty and the Making of International Law, 2005<\/a><\/li>\n<li><a href=\"https:\/\/www.cambridge.org\/core\/books\/capitalism-as-civilisation\/F66ABF447B13A75739D4644A8674EAD9\">Ntina Tzouvala, Capitalism As Civilisation: A History of International Law, 2020<\/a><\/li>\n<li><a href=\"https:\/\/www.mohrsiebeck.com\/buch\/die-postkoloniale-konstellation-9783161575655?no_cache=1\" target=\"https:\/\/www.mohrsiebeck.com\/buch\/die-postkoloniale-konstellation-9783161575655?no_cache=1\" rel=\"noopener\">Sigrid Boysen, Die postkoloniale Konstellation: Nat\u00fcrliche Ressourcen und das V\u00f6lkerrecht der Moderne, 2021<\/a><\/li>\n<\/ul>\n<p>Moderation: <a href=\"https:\/\/www.mpil.de\/de\/pub\/institut\/personen\/wissenschaftlicher-bereich\/etuchtfe.cfm\">Erik Tuchtfeld<\/a> &amp; <a href=\"https:\/\/www.jura.uni-muenster.de\/de\/institute\/imr\/team\/weitere-personen\/isabel-lischewski\/\" target=\"_blank\" rel=\"noopener\">Dr. Isabel Lischewski<\/a><br \/>\nGrundlagen: <a href=\"https:\/\/www.jura.uni-muenster.de\/de\/institute\/imr\/team\/weitere-personen\/isabel-lischewski\/\" target=\"_blank\" rel=\"noopener\">Dr. Isabel Lischewski<\/a><br \/>\nInterview: <a href=\"https:\/\/www.hsu-hh.de\/voelkerrecht\/\">Prof. Dr. Sigrid Boysen<\/a> &amp; <a href=\"https:\/\/www.mpil.de\/de\/pub\/institut\/personen\/wissenschaftlicher-bereich\/etuchtfe.cfm\">Erik Tuchtfeld<\/a><br \/>\nSchnitt: <a href=\"https:\/\/www.mpil.de\/en\/pub\/research\/areas\/public-international-law\/scientific-blogs.cfm\">Daniela Rau<\/a><\/p>\n<p><strong>Credits:<\/strong><\/p>\n<ul>\n<li>Ant\u00f3nio Guterres, 21. Februar 2019, <a href=\"https:\/\/www.youtube.com\/watch?v=jYyyEJFrqRI\">Die Vereinten Nationen auf Youtube<\/a><\/li>\n<li>Emma Watson, 23. September 2014, <a href=\"https:\/\/www.youtube.com\/watch?v=gkjW9PZBRfk\">Die Vereinten Nationen auf Youtube<\/a><\/li>\n<\/ul>\n","protected":false},"excerpt":{"rendered":"<p>Warum ist unser (V\u00f6lker-)Recht so, wie es ist? Welche Machtverh\u00e4ltnisse beg\u00fcnstigen bestimmte Auslegungen einzelner Normen? Kritische Perspektiven auf das V\u00f6lkerrecht hinterfragen den Kontext von Normen und ihre Entstehungsgeschichte. Weil diese Theorien im Studium leider oft etwas zu kurz kommen, behandeln wir sie heute in unserer zehnten Folge, p\u00fcnktlich zum Semesterstart. Isabel Lischewski gibt eine kurze [&hellip;]<\/p>\n","protected":false},"author":5,"featured_media":0,"comment_status":"open","ping_status":"open","sticky":false,"template":"","format":"standard","meta":{"_acf_changed":false,"footnotes":""},"categories":[6639],"tags":[],"authors":[5020,5621,5004,6671],"article-categories":[5371,6670],"doi":[],"class_list":["post-15432","post","type-post","status-publish","format-standard","hentry","category-uncategorized","authors-erik-tuchtfeld","authors-isabel-lischewski","authors-philipp-eschenhagen","authors-sophie-schuberth","article-categories-media","article-categories-podcast"],"acf":{"subline":"Was nicht in euren Lehrb\u00fcchern steht"},"meta_box":{"doi":"10.17176\/20211001-124456-0"},"_links":{"self":[{"href":"https:\/\/voelkerrechtsblog.org\/de\/wp-json\/wp\/v2\/posts\/15432","targetHints":{"allow":["GET"]}}],"collection":[{"href":"https:\/\/voelkerrechtsblog.org\/de\/wp-json\/wp\/v2\/posts"}],"about":[{"href":"https:\/\/voelkerrechtsblog.org\/de\/wp-json\/wp\/v2\/types\/post"}],"author":[{"embeddable":true,"href":"https:\/\/voelkerrechtsblog.org\/de\/wp-json\/wp\/v2\/users\/5"}],"replies":[{"embeddable":true,"href":"https:\/\/voelkerrechtsblog.org\/de\/wp-json\/wp\/v2\/comments?post=15432"}],"version-history":[{"count":11,"href":"https:\/\/voelkerrechtsblog.org\/de\/wp-json\/wp\/v2\/posts\/15432\/revisions"}],"predecessor-version":[{"id":18730,"href":"https:\/\/voelkerrechtsblog.org\/de\/wp-json\/wp\/v2\/posts\/15432\/revisions\/18730"}],"wp:attachment":[{"href":"https:\/\/voelkerrechtsblog.org\/de\/wp-json\/wp\/v2\/media?parent=15432"}],"wp:term":[{"taxonomy":"category","embeddable":true,"href":"https:\/\/voelkerrechtsblog.org\/de\/wp-json\/wp\/v2\/categories?post=15432"},{"taxonomy":"post_tag","embeddable":true,"href":"https:\/\/voelkerrechtsblog.org\/de\/wp-json\/wp\/v2\/tags?post=15432"},{"taxonomy":"authors","embeddable":true,"href":"https:\/\/voelkerrechtsblog.org\/de\/wp-json\/wp\/v2\/authors?post=15432"},{"taxonomy":"article-categories","embeddable":true,"href":"https:\/\/voelkerrechtsblog.org\/de\/wp-json\/wp\/v2\/article-categories?post=15432"},{"taxonomy":"doi","embeddable":true,"href":"https:\/\/voelkerrechtsblog.org\/de\/wp-json\/wp\/v2\/doi?post=15432"}],"curies":[{"name":"wp","href":"https:\/\/api.w.org\/{rel}","templated":true}]}}