{"id":14649,"date":"2021-07-02T09:34:59","date_gmt":"2021-07-02T07:34:59","guid":{"rendered":"https:\/\/voelkerrechtsblog.org\/de\/?p=14649"},"modified":"2022-11-10T11:50:12","modified_gmt":"2022-11-10T10:50:12","slug":"7-volkerrechtssubjektivitat","status":"publish","type":"post","link":"https:\/\/voelkerrechtsblog.org\/de\/7-volkerrechtssubjektivitat\/","title":{"rendered":"#7 V\u00f6lkerrechtssubjektivit\u00e4t"},"content":{"rendered":"<p><iframe loading=\"lazy\" src=\"https:\/\/anchor.fm\/voelkerrechtspodcast\/embed\/episodes\/7-Vlkerrechtssubjektivitt-Staat-oder-nicht-Staat--das-ist-hier-die-Frage-e13qbvo\" width=\"100%\" height=\"170px\" frameborder=\"0\" scrolling=\"no\"><span style=\"display: inline-block; width: 0px; overflow: hidden; line-height: 0;\" data-mce-type=\"bookmark\" class=\"mce_SELRES_start\">\ufeff<\/span><\/iframe><\/p>\n<p>Wer Staat ist, ist V\u00f6lkerrechtssubjekt und darf Mitmachen im Spiel der Gro\u00dfen und Gleichen. Deshalb f\u00fchrt die Frage der Qualifikation als Staat auch immer wieder zu Streit und Konflikten, besch\u00e4ftigt (nationale und internationale) Gerichte und die (V\u00f6lker-)Rechtswissenschaft.<\/p>\n<p>Isabel Lischewski betont die Service-Qualit\u00e4t des Podcasts und f\u00fchrt uns im Grundlagenteil durch ein Do-It-Yourself der Staatengr\u00fcndung. Im Interview spricht Erik Tuchtfeld mit <a href=\"https:\/\/www.uni-potsdam.de\/de\/ls-zimmermann\/lehrstuhlinhaber\/\">Andreas Zimmermann<\/a> \u00fcber die Staatlichkeit Pal\u00e4stinas, \u00fcber Erg\u00e4nzungsm\u00f6glichkeiten f\u00fcr die klassische Drei-Elemente-Lehre und die Frage, inwiefern Staatlichkeit absolut ist oder eine Entit\u00e4t auch &#8220;ein bisschen Staat&#8221; sein kann.<\/p>\n<p>Wir freuen uns \u00fcber Lob, Anmerkungen und Kritik an <a href=\"mailto:podcast@voelkerrechtsblog.org\" target=\"mailto:podcast@voelkerrechtsblog.org\" rel=\"noopener\">podcast@voelkerrechtsblog.org<\/a> oder hier in den Kommentaren. Abonniert unseren Podcast <a href=\"https:\/\/anchor.fm\/s\/4679adec\/podcast\/rss\" target=\"_blank\" rel=\"noopener\">via RSS<\/a>, \u00fcber <a href=\"https:\/\/open.spotify.com\/show\/4e1s8fJ1pHJrMaxIAnomoa\" target=\"_blank\" rel=\"noopener\">Spotify<\/a>, <a href=\"https:\/\/podcasts.apple.com\/de\/podcast\/v%C3%B6lkerrechtspodcast\/id1547349025\">Apple Podcasts<\/a> oder \u00fcberall dort, wo es Podcasts gibt.<\/p>\n<p>Hintergrundinformationen:<\/p>\n<ul>\n<li><a href=\"https:\/\/dejure.org\/1978,10287\">Sealand-Entscheidung des VG K\u00f6ln, 03.05.1978 &#8211; 9 K 2565\/77<\/a><\/li>\n<li><a href=\"https:\/\/www.icj-cij.org\/en\/case\/141\">ICJ, 22. Juli 2010, Advisory Opinion, Accordance with international law of the unilateral declaration of independence in respect of Kosovo<\/a><\/li>\n<li><a href=\"https:\/\/www.icc-cpi.int\/Pages\/item.aspx?name=pr1566\">ICC Pre-Trial Chamber, 05. Februar 2021, Decision on the \u2018Prosecution request \u00a0pursuant to article 19(3) for a ruling on the Court\u2019s territorial jurisdiction in Palestine\u2019 (Pressemitteilung mit Link zur Entscheidung)<\/a><\/li>\n<\/ul>\n<p>Moderation: <a href=\"https:\/\/www.jura.fu-berlin.de\/fachbereich\/einrichtungen\/oeffentliches-recht\/lehrende\/kriegerh\/mitarbeiter\/Schuberth_Sophie\/index.html\" target=\"_blank\" rel=\"noopener\">Sophie Schuberth<\/a> &amp; <a href=\"https:\/\/www.mpil.de\/de\/pub\/institut\/personen\/wissenschaftlicher-bereich\/etuchtfe.cfm\" target=\"_blank\" rel=\"noopener\">Erik Tuchtfeld<\/a><br \/>\nGrundlagenteil: <a href=\"https:\/\/www.jura.uni-muenster.de\/de\/institute\/imr\/team\/weitere-personen\/isabel-lischewski\/\" target=\"_blank\" rel=\"noopener\">Dr. Isabel Lischewski<\/a><br \/>\nInterview: <a href=\"https:\/\/www.uni-potsdam.de\/de\/ls-zimmermann\/lehrstuhlinhaber\/\">Prof. Dr. Andreas Zimmermann<\/a> &amp; <a href=\"https:\/\/www.mpil.de\/de\/pub\/institut\/personen\/wissenschaftlicher-bereich\/etuchtfe.cfm\" target=\"_blank\" rel=\"noopener\">Erik Tuchtfeld<\/a><\/p>\n<p>Schnitt: <a href=\"https:\/\/www.mpil.de\/en\/pub\/research\/areas\/public-international-law\/scientific-blogs.cfm\">Daniela Rau<\/a><\/p>\n<p>Credits:<\/p>\n<ul>\n<li>Federica Mogherini, 26. November 2014, <a href=\"https:\/\/audiovisual.ec.europa.eu\/en\/video\/I-095664\">Europ\u00e4ische Kommission \u2013 Audiovisueller Dienst<\/a><\/li>\n<li>Hisashi Owada, 22. Juli 2010, <a href=\"https:\/\/www.youtube.com\/watch?v=SdNjZ6s7oxQ\">Die Vereinten Nationen auf Youtube<\/a><\/li>\n<\/ul>\n","protected":false},"excerpt":{"rendered":"<p>\ufeff Wer Staat ist, ist V\u00f6lkerrechtssubjekt und darf Mitmachen im Spiel der Gro\u00dfen und Gleichen. Deshalb f\u00fchrt die Frage der Qualifikation als Staat auch immer wieder zu Streit und Konflikten, besch\u00e4ftigt (nationale und internationale) Gerichte und die (V\u00f6lker-)Rechtswissenschaft. Isabel Lischewski betont die Service-Qualit\u00e4t des Podcasts und f\u00fchrt uns im Grundlagenteil durch ein Do-It-Yourself der Staatengr\u00fcndung. [&hellip;]<\/p>\n","protected":false},"author":5,"featured_media":0,"comment_status":"open","ping_status":"open","sticky":false,"template":"","format":"standard","meta":{"_acf_changed":false,"footnotes":""},"categories":[6639],"tags":[],"authors":[5020,5621,5004,6671],"article-categories":[5371,6670],"doi":[],"class_list":["post-14649","post","type-post","status-publish","format-standard","hentry","category-uncategorized","authors-erik-tuchtfeld","authors-isabel-lischewski","authors-philipp-eschenhagen","authors-sophie-schuberth","article-categories-media","article-categories-podcast"],"acf":{"subline":"Staat oder nicht Staat, das ist hier die Frage"},"meta_box":{"doi":""},"_links":{"self":[{"href":"https:\/\/voelkerrechtsblog.org\/de\/wp-json\/wp\/v2\/posts\/14649","targetHints":{"allow":["GET"]}}],"collection":[{"href":"https:\/\/voelkerrechtsblog.org\/de\/wp-json\/wp\/v2\/posts"}],"about":[{"href":"https:\/\/voelkerrechtsblog.org\/de\/wp-json\/wp\/v2\/types\/post"}],"author":[{"embeddable":true,"href":"https:\/\/voelkerrechtsblog.org\/de\/wp-json\/wp\/v2\/users\/5"}],"replies":[{"embeddable":true,"href":"https:\/\/voelkerrechtsblog.org\/de\/wp-json\/wp\/v2\/comments?post=14649"}],"version-history":[{"count":9,"href":"https:\/\/voelkerrechtsblog.org\/de\/wp-json\/wp\/v2\/posts\/14649\/revisions"}],"predecessor-version":[{"id":18735,"href":"https:\/\/voelkerrechtsblog.org\/de\/wp-json\/wp\/v2\/posts\/14649\/revisions\/18735"}],"wp:attachment":[{"href":"https:\/\/voelkerrechtsblog.org\/de\/wp-json\/wp\/v2\/media?parent=14649"}],"wp:term":[{"taxonomy":"category","embeddable":true,"href":"https:\/\/voelkerrechtsblog.org\/de\/wp-json\/wp\/v2\/categories?post=14649"},{"taxonomy":"post_tag","embeddable":true,"href":"https:\/\/voelkerrechtsblog.org\/de\/wp-json\/wp\/v2\/tags?post=14649"},{"taxonomy":"authors","embeddable":true,"href":"https:\/\/voelkerrechtsblog.org\/de\/wp-json\/wp\/v2\/authors?post=14649"},{"taxonomy":"article-categories","embeddable":true,"href":"https:\/\/voelkerrechtsblog.org\/de\/wp-json\/wp\/v2\/article-categories?post=14649"},{"taxonomy":"doi","embeddable":true,"href":"https:\/\/voelkerrechtsblog.org\/de\/wp-json\/wp\/v2\/doi?post=14649"}],"curies":[{"name":"wp","href":"https:\/\/api.w.org\/{rel}","templated":true}]}}