{"id":13772,"date":"2021-05-07T10:24:35","date_gmt":"2021-05-07T08:24:35","guid":{"rendered":"https:\/\/voelkerrechtsblog.org\/de\/?p=13772"},"modified":"2022-11-10T11:59:29","modified_gmt":"2022-11-10T10:59:29","slug":"5-umweltvolkerrecht","status":"publish","type":"post","link":"https:\/\/voelkerrechtsblog.org\/de\/5-umweltvolkerrecht\/","title":{"rendered":"#5 Umweltv\u00f6lkerrecht"},"content":{"rendered":"<p><iframe loading=\"lazy\" src=\"https:\/\/anchor.fm\/voelkerrechtspodcast\/embed\/episodes\/5-Umweltvlkerrecht-Nachbarschaftsstreit-oder-Growetterlage-e10doqe\" width=\"100%\" height=\"170px\" frameborder=\"0\" scrolling=\"no\"><span style=\"display: inline-block; width: 0px; overflow: hidden; line-height: 0;\" data-mce-type=\"bookmark\" class=\"mce_SELRES_start\"><\/span><\/iframe><\/p>\n<p>Umweltv\u00f6lkerrecht k\u00f6nnte eine Erfindung j\u00fcngeren Datums sein, ist aber ungef\u00e4hr so alt wie das V\u00f6lkerrecht selbst: Denn Streitigkeiten \u00fcber die Verteilung globaler Ressourcen und die Auswirkungen von menschengemachter Umweltverschmutzung gab es schon immer. Warum ist es dann vergleichsweise schwierig, auf internationaler Ebene mit den Mitteln des V\u00f6lkerrechts gegen die Klimakrise anzuk\u00e4mpfen?<\/p>\n<p>Isabel Lischewski erkl\u00e4rt im Grundlagenteil, warum das bisherige Umweltv\u00f6lkerrecht oft eher einem Nachbarschaftsstreit gleicht. Philipp Eschenhagen spricht mit <a href=\"https:\/\/www.rae-guenther.de\/anwaelte-verheyen\" target=\"_blank\" rel=\"noopener\">Roda Verheyen<\/a>, die als <span data-offset-key=\"1piva-2-0\">Anw\u00e4ltin u.a. in der vergangenen Woche erfolgreich vor dem BVerfG war und auch vor dem EGMR<\/span> Klagen gegen die Klimapolitik der europ\u00e4ischen Staaten betreut.<\/p>\n<p>Hintergrundinformationen:<\/p>\n<ul>\n<li><a href=\"http:\/\/www.bverfg.de\/e\/rs20210324_1bvr265618.html\" target=\"http:\/\/www.bverfg.de\/e\/rs20210324_1bvr265618.html\" rel=\"noopener\"><u>BVerfG, Beschluss des Ersten Senats vom 24. M\u00e4rz 2021, Az. 1 BvR 2656\/18<br \/>\n<\/u><\/a><\/li>\n<\/ul>\n<p>Wir freuen uns \u00fcber Lob, Anmerkungen und Kritik an <a href=\"mailto:podcast@voelkerrechtsblog.org\" target=\"mailto:podcast@voelkerrechtsblog.org\" rel=\"noopener\"><u>podcast@voelkerrechtsblog.org<\/u><\/a> oder hier in den Kommentaren. Abonniert unseren Podcast <a href=\"https:\/\/anchor.fm\/s\/4679adec\/podcast\/rss\" target=\"https:\/\/anchor.fm\/s\/4679adec\/podcast\/rss\" rel=\"noopener\"><u>via RSS<\/u><\/a>, \u00fcber <a href=\"https:\/\/open.spotify.com\/show\/4e1s8fJ1pHJrMaxIAnomoa\" target=\"https:\/\/open.spotify.com\/show\/4e1s8fJ1pHJrMaxIAnomoa\" rel=\"noopener\"><u>Spotify<\/u><\/a> oder \u00fcberall dort, wo es Podcasts gibt.<\/p>\n<p>Moderation: <a href=\"https:\/\/www.law-school.de\/profil\/philipp-eschenhagen\" target=\"https:\/\/www.law-school.de\/profil\/philipp-eschenhagen\" rel=\"noopener\"><u>Philipp Eschenhagen<\/u><\/a><u> <\/u>&amp; <a href=\"https:\/\/www.jura.fu-berlin.de\/fachbereich\/einrichtungen\/oeffentliches-recht\/lehrende\/kriegerh\/mitarbeiter\/Schuberth_Sophie\/index.html\" target=\"https:\/\/www.jura.fu-berlin.de\/fachbereich\/einrichtungen\/oeffentliches-recht\/lehrende\/kriegerh\/mitarbeiter\/Schuberth_Sophie\/index.html\" rel=\"noopener\"><u>Sophie Schuberth<\/u><\/a><br \/>\nGrundlagenteil: <a href=\"https:\/\/www.jura.uni-muenster.de\/de\/institute\/imr\/team\/weitere-personen\/isabel-lischewski\/\" target=\"https:\/\/www.jura.uni-muenster.de\/de\/institute\/imr\/team\/weitere-personen\/isabel-lischewski\/\" rel=\"noopener\"><u>Dr. Isabel Lischewski<\/u><\/a><br \/>\nInterview: <a href=\"https:\/\/www.rae-guenther.de\/anwaelte-verheyen\" target=\"https:\/\/www.rae-guenther.de\/anwaelte-verheyen\" rel=\"noopener\"><u>Dr. Roda Verheyen<\/u><\/a> &amp; <a href=\"https:\/\/www.law-school.de\/profil\/philipp-eschenhagen\" target=\"https:\/\/www.law-school.de\/profil\/philipp-eschenhagen\" rel=\"noopener\"><u>Philipp Eschenhagen<\/u><\/a><br \/>\nSchnitt: <a href=\"https:\/\/www.mpil.de\/de\/pub\/institut\/personen\/wissenschaftlicher-bereich\/etuchtfe.cfm\" target=\"https:\/\/www.mpil.de\/de\/pub\/institut\/personen\/wissenschaftlicher-bereich\/etuchtfe.cfm\" rel=\"noopener\"><u>Erik Tuchtfeld<\/u><\/a><br \/>\nTechnische Unterst\u00fctzung: <a href=\"https:\/\/leibniz-hbi.de\/de\/mitarbeiter\/anna-sophia-tiedeke\" target=\"https:\/\/leibniz-hbi.de\/de\/mitarbeiter\/anna-sophia-tiedeke\" rel=\"noopener\"><u>Anna Sophia Tiedeke<\/u><\/a><\/p>\n<p>Credits:<br \/>\nAnton Hofreiter, 27. September 2018 im <a href=\"https:\/\/dbtg.tv\/fvid\/7276138\" target=\"https:\/\/dbtg.tv\/fvid\/7276138\" rel=\"noopener\"><u>Bundestag<\/u><\/a><u><br \/>\n<\/u>Angela Merkel, 24. September 2015 im <a href=\"https:\/\/dbtg.tv\/fvid\/5845571\" target=\"https:\/\/dbtg.tv\/fvid\/5845571\" rel=\"noopener\"><u>Bundestag<\/u><\/a><\/p>\n","protected":false},"excerpt":{"rendered":"<p>Umweltv\u00f6lkerrecht k\u00f6nnte eine Erfindung j\u00fcngeren Datums sein, ist aber ungef\u00e4hr so alt wie das V\u00f6lkerrecht selbst: Denn Streitigkeiten \u00fcber die Verteilung globaler Ressourcen und die Auswirkungen von menschengemachter Umweltverschmutzung gab es schon immer. Warum ist es dann vergleichsweise schwierig, auf internationaler Ebene mit den Mitteln des V\u00f6lkerrechts gegen die Klimakrise anzuk\u00e4mpfen? Isabel Lischewski erkl\u00e4rt im [&hellip;]<\/p>\n","protected":false},"author":5,"featured_media":0,"comment_status":"open","ping_status":"open","sticky":false,"template":"","format":"standard","meta":{"_acf_changed":false,"footnotes":""},"categories":[6639],"tags":[],"authors":[5020,5621,5004,6671],"article-categories":[5371,6670],"doi":[],"class_list":["post-13772","post","type-post","status-publish","format-standard","hentry","category-uncategorized","authors-erik-tuchtfeld","authors-isabel-lischewski","authors-philipp-eschenhagen","authors-sophie-schuberth","article-categories-media","article-categories-podcast"],"acf":{"subline":"Nachbarschaftsstreit oder Gro\u00dfwetterlage?"},"meta_box":{"doi":"10.17176\/20210507-111252-0"},"_links":{"self":[{"href":"https:\/\/voelkerrechtsblog.org\/de\/wp-json\/wp\/v2\/posts\/13772","targetHints":{"allow":["GET"]}}],"collection":[{"href":"https:\/\/voelkerrechtsblog.org\/de\/wp-json\/wp\/v2\/posts"}],"about":[{"href":"https:\/\/voelkerrechtsblog.org\/de\/wp-json\/wp\/v2\/types\/post"}],"author":[{"embeddable":true,"href":"https:\/\/voelkerrechtsblog.org\/de\/wp-json\/wp\/v2\/users\/5"}],"replies":[{"embeddable":true,"href":"https:\/\/voelkerrechtsblog.org\/de\/wp-json\/wp\/v2\/comments?post=13772"}],"version-history":[{"count":8,"href":"https:\/\/voelkerrechtsblog.org\/de\/wp-json\/wp\/v2\/posts\/13772\/revisions"}],"predecessor-version":[{"id":18739,"href":"https:\/\/voelkerrechtsblog.org\/de\/wp-json\/wp\/v2\/posts\/13772\/revisions\/18739"}],"wp:attachment":[{"href":"https:\/\/voelkerrechtsblog.org\/de\/wp-json\/wp\/v2\/media?parent=13772"}],"wp:term":[{"taxonomy":"category","embeddable":true,"href":"https:\/\/voelkerrechtsblog.org\/de\/wp-json\/wp\/v2\/categories?post=13772"},{"taxonomy":"post_tag","embeddable":true,"href":"https:\/\/voelkerrechtsblog.org\/de\/wp-json\/wp\/v2\/tags?post=13772"},{"taxonomy":"authors","embeddable":true,"href":"https:\/\/voelkerrechtsblog.org\/de\/wp-json\/wp\/v2\/authors?post=13772"},{"taxonomy":"article-categories","embeddable":true,"href":"https:\/\/voelkerrechtsblog.org\/de\/wp-json\/wp\/v2\/article-categories?post=13772"},{"taxonomy":"doi","embeddable":true,"href":"https:\/\/voelkerrechtsblog.org\/de\/wp-json\/wp\/v2\/doi?post=13772"}],"curies":[{"name":"wp","href":"https:\/\/api.w.org\/{rel}","templated":true}]}}