{"id":12702,"date":"2021-03-15T12:00:56","date_gmt":"2021-03-15T11:00:56","guid":{"rendered":"https:\/\/voelkerrechtsblog.org\/?p=12702"},"modified":"2021-03-29T00:24:19","modified_gmt":"2021-03-28T22:24:19","slug":"funf-fragen-an-dr-katja-gocke","status":"publish","type":"post","link":"https:\/\/voelkerrechtsblog.org\/de\/funf-fragen-an-dr-katja-gocke\/","title":{"rendered":"F\u00fcnf Fragen an Dr. Katja G\u00f6cke"},"content":{"rendered":"<p><em>Am 22. M\u00e4rz 2021 (12 bis 13 Uhr) ist Frau Dr. Katja G\u00f6cke der achte Gast in unserer Gespr\u00e4chsreihe \u201c<a href=\"https:\/\/voelkerrechtsblog.org\/events\/volkerrechtslunch\/\">V\u00f6lkerrechtslunches<\/a>\u201c. Frau Dr. Katja G\u00f6cke ist Rechtsanw\u00e4ltin bei GvW \u2013 Graf von Westphalen.<br \/>\n<\/em><\/p>\n<p><em>In insgesamt zw\u00f6lf Online-Gespr\u00e4chsterminen laden wir v\u00f6lkerrechtliche Expert*innen aus der Praxis zu einst\u00fcndigen Gespr\u00e4chen ein, in welchen sie in ihren Werdegang sowie ihre jetzige T\u00e4tigkeit Einblick gew\u00e4hren. Anschlie\u00dfend haben Studierende und andere Interessierte die Gelegenheit, Fragen zu Karriere und T\u00e4tigkeit zu stellen (der Veranstaltungshinweis und das Programm sowie die Zugangsdaten f\u00fcr Zoom finden sich <\/em><strong><a href=\"https:\/\/voelkerrechtsblog.org\/articles\/events\/volkerrechtslunch\/\"><em>hier<\/em><\/a><\/strong><em>).\u00a0<\/em><\/p>\n<p><em>Bereits im Vorfeld stand Frau Dr. G\u00f6cke uns Rede und Antwort:<\/em><\/p>\n<p>&nbsp;<\/p>\n<p><strong>Warum haben Sie sich f\u00fcr eine v\u00f6lkerrechtliche Karriere entschieden?<\/strong><\/p>\n<p>Schon w\u00e4hrend des Studiums haben mir die Lehrveranstaltungen im V\u00f6lker- und Europarecht am meisten Freude bereitet, und ich habe meine Wahlf\u00e4cher und Seminare fast ausschlie\u00dflich in diesem Bereich absolviert und im Ersten Juristischen Staatsexamen schlie\u00dflich V\u00f6lker- und Europarecht als Schwerpunktbereich gew\u00e4hlt. W\u00e4hrend meines anschlie\u00dfenden LL.M.-Studiums an der University of Sydney mit dem Schwerpunkt \u201eInternational Law\u201c habe ich meine Kenntnisse im V\u00f6lkerrecht vertieft. Nach Beendigung meines Referendariats habe ich mich entschieden, im V\u00f6lkerrecht zu promovieren. Promotionsbegleitend war ich als Referentin am Max-Planck-Institut f\u00fcr ausl\u00e4ndisches \u00f6ffentliches Recht und V\u00f6lkerrecht in Heidelberg t\u00e4tig, was es mir erm\u00f6glichte, vertiefte Einblick in die verschiedensten Bereiche des V\u00f6lker- und Europarechts zu erwerben. Auch nach Abschluss meiner Promotion wollte ich gerne in diesem Bereich t\u00e4tig bleiben. Diesen Wunsch konnte ich durch meine T\u00e4tigkeit als Rechtsanw\u00e4ltin im Bereich Zoll- und Au\u00dfenhandelsrecht verwirklichen.<\/p>\n<p>&nbsp;<\/p>\n<p><strong>Was macht das V\u00f6lkerrecht f\u00fcr Sie besonders?<\/strong><\/p>\n<p>Besonders spannend ist f\u00fcr mich die gro\u00dfe Aktualit\u00e4t meiner rechtlichen T\u00e4tigkeit. Vieles, was heute in der Zeitung steht, landet kurze Zeit sp\u00e4ter auf meinem Schreibtisch \u2013 seien es die Folgen des Brexit oder die Auswirkungen\u00a0neuer sanktions- oder embargorechtlicher Beschr\u00e4nkungen gegen bestimmte L\u00e4nder oder Personen. Des Weiteren gef\u00e4llt mir, dass ich \u2013 anders als dies in traditionellen Rechtsgebieten der Fall ist, die oftmals sehr national gepr\u00e4gt sind \u2013 in meinem Rechtsgebiet sehr viel mit Kollegen aus anderen L\u00e4ndern zusammenarbeite. So haben etwa die exportkontrollrechtlichen Beschr\u00e4nkungen der USA in vielen F\u00e4llen auch Auswirkungen auf EU-Unternehmen. Diese internationale Zusammenarbeit mit Kollegen aus unterschiedlichen Rechtskulturen finde ich sehr faszinierend.<\/p>\n<p>&nbsp;<\/p>\n<p><strong>Was ist die gr\u00f6\u00dfte Herausforderung f\u00fcr das V\u00f6lkerrecht im 21. Jahrhundert?<\/strong><\/p>\n<p>Die gr\u00f6\u00dfte Herausforderung f\u00fcr das V\u00f6lkerrecht im 21. Jahrhundert besteht meines Erachtens darin, die Akzeptanz f\u00fcr v\u00f6lkerrechtliche Verpflichtungen zu st\u00e4rken und die Staats- und Regierungschefs, aber auch den Einzelnen davon zu \u00fcberzeugen, dass auf lange Sicht Frieden, Stabilit\u00e4t und Wohlstand nur im Rahmen der internationalen Zusammenarbeit m\u00f6glich sind. Durch den R\u00fcckzug der USA aus internationalen Abkommen unter Pr\u00e4sident Trump, die einseitige (und v\u00f6lkerrechtswidrige) Ausweitung des US-Rechts auf extraterritoriale Sachverhalte aber auch durch den Austritt des Vereinigten K\u00f6nigreichs aus der EU wurde das Vertrauen in die internationale Zusammenarbeit nachhaltig ersch\u00fcttert. Dieses Vertrauen gilt es wiederherzustellen.<\/p>\n<p>&nbsp;<\/p>\n<p><strong>Welche (\u00fcberraschende) F\u00e4higkeiten ben\u00f6tigen Sie f\u00fcr Ihren Beruf?<\/strong><\/p>\n<p>Wenig \u00fcberraschend ist eine sehr gute Kenntnis der englischen Sprache f\u00fcr mein Rechtsgebiet sehr wichtig; ungef\u00e4hr die H\u00e4lfte meiner rechtlichen T\u00e4tigkeit erfolgt auf Englisch. Zudem ist es sehr wichtig, sich in andere Rechtskulturen eindenken zu k\u00f6nnen und sich in ihnen \u2013 zumindest rudiment\u00e4r \u2013 zurechtzufinden. Ich halte im Rahmen meiner juristischen T\u00e4tigkeit zudem viele Seminare bzw. Webinare zu verschiedenen Bereichen des Zoll- und Au\u00dfenhandelsrechts. Die F\u00e4higkeit, vor einem gr\u00f6\u00dferen Publikum \u00fcber einen l\u00e4ngeren Zeitraum frei sprechen zu k\u00f6nnen, ist daher ebenfalls von gro\u00dfer Bedeutung.<\/p>\n<p>&nbsp;<\/p>\n<p><strong>Was w\u00fcrden Sie Ihrem 20-j\u00e4hrigen ich gerne sagen?<\/strong><\/p>\n<p>Ich w\u00fcrde meinem 20-j\u00e4hrigen Ich auf jeden Fall raten, sich auf den Bereich V\u00f6lker- und Europarecht zu konzentrieren, wenn es Jura studieren m\u00f6chte. F\u00fcr mich ist und bleibt das V\u00f6lker- und Europarecht das spannendste Rechtsgebiet.<\/p>\n","protected":false},"excerpt":{"rendered":"<p>Am 22. M\u00e4rz 2021 (12 bis 13 Uhr) ist Frau Dr. Katja G\u00f6cke der achte Gast in unserer Gespr\u00e4chsreihe \u201cV\u00f6lkerrechtslunches\u201c. Frau Dr. Katja G\u00f6cke ist Rechtsanw\u00e4ltin bei GvW \u2013 Graf von Westphalen. In insgesamt zw\u00f6lf Online-Gespr\u00e4chsterminen laden wir v\u00f6lkerrechtliche Expert*innen aus der Praxis zu einst\u00fcndigen Gespr\u00e4chen ein, in welchen sie in ihren Werdegang sowie ihre [&hellip;]<\/p>\n","protected":false},"author":8,"featured_media":0,"comment_status":"open","ping_status":"open","sticky":false,"template":"","format":"standard","meta":{"_acf_changed":false,"footnotes":""},"categories":[6639],"tags":[],"authors":[4913,3570],"article-categories":[3591,3572],"doi":[],"class_list":["post-12702","post","type-post","status-publish","format-standard","hentry","category-uncategorized","authors-lukas-kleinert","authors-matthias-c-kettemann","article-categories-interview","article-categories-symposium"],"acf":{"subline":"Rechtsanw\u00e4ltin bei GvW \u2013 Graf von Westphalen"},"meta_box":{"doi":"10.17176\/20210315-153834-0"},"_links":{"self":[{"href":"https:\/\/voelkerrechtsblog.org\/de\/wp-json\/wp\/v2\/posts\/12702","targetHints":{"allow":["GET"]}}],"collection":[{"href":"https:\/\/voelkerrechtsblog.org\/de\/wp-json\/wp\/v2\/posts"}],"about":[{"href":"https:\/\/voelkerrechtsblog.org\/de\/wp-json\/wp\/v2\/types\/post"}],"author":[{"embeddable":true,"href":"https:\/\/voelkerrechtsblog.org\/de\/wp-json\/wp\/v2\/users\/8"}],"replies":[{"embeddable":true,"href":"https:\/\/voelkerrechtsblog.org\/de\/wp-json\/wp\/v2\/comments?post=12702"}],"version-history":[{"count":4,"href":"https:\/\/voelkerrechtsblog.org\/de\/wp-json\/wp\/v2\/posts\/12702\/revisions"}],"predecessor-version":[{"id":12984,"href":"https:\/\/voelkerrechtsblog.org\/de\/wp-json\/wp\/v2\/posts\/12702\/revisions\/12984"}],"wp:attachment":[{"href":"https:\/\/voelkerrechtsblog.org\/de\/wp-json\/wp\/v2\/media?parent=12702"}],"wp:term":[{"taxonomy":"category","embeddable":true,"href":"https:\/\/voelkerrechtsblog.org\/de\/wp-json\/wp\/v2\/categories?post=12702"},{"taxonomy":"post_tag","embeddable":true,"href":"https:\/\/voelkerrechtsblog.org\/de\/wp-json\/wp\/v2\/tags?post=12702"},{"taxonomy":"authors","embeddable":true,"href":"https:\/\/voelkerrechtsblog.org\/de\/wp-json\/wp\/v2\/authors?post=12702"},{"taxonomy":"article-categories","embeddable":true,"href":"https:\/\/voelkerrechtsblog.org\/de\/wp-json\/wp\/v2\/article-categories?post=12702"},{"taxonomy":"doi","embeddable":true,"href":"https:\/\/voelkerrechtsblog.org\/de\/wp-json\/wp\/v2\/doi?post=12702"}],"curies":[{"name":"wp","href":"https:\/\/api.w.org\/{rel}","templated":true}]}}