{"id":12590,"date":"2021-03-05T14:00:58","date_gmt":"2021-03-05T13:00:58","guid":{"rendered":"https:\/\/voelkerrechtsblog.org\/de\/?p=12590"},"modified":"2022-11-11T17:44:29","modified_gmt":"2022-11-11T16:44:29","slug":"3-menschenrechtsbindung-im-ausland","status":"publish","type":"post","link":"https:\/\/voelkerrechtsblog.org\/de\/3-menschenrechtsbindung-im-ausland\/","title":{"rendered":"#3 Bindung an Menschenrechte im Ausland"},"content":{"rendered":"<p><iframe loading=\"lazy\" src=\"https:\/\/anchor.fm\/voelkerrechtspodcast\/embed\/episodes\/3-Menschenrechtsbindung-im-Ausland-So-close--no-matter-how-far-erld3g\" width=\"100%\" height=\"170px\" frameborder=\"0\" scrolling=\"no\"><span style=\"display: inline-block; width: 0px; overflow: hidden; line-height: 0;\" data-mce-type=\"bookmark\" class=\"mce_SELRES_start\"><\/span><\/iframe><\/p>\n<p>Wie man Staaten dazu bekommt, auch f\u00fcr ihr Handeln jenseits ihres Territoriums Verantwortung zu \u00fcbernehmen, ist ein altes Problem des V\u00f6lkerrechts \u2013 umso dr\u00e4ngender wird es, wenn dieses Handeln Menschenrechte betrifft. In dieser Folge erkl\u00e4rt Isabel Lischewski im Grundlagenteil die <u><a href=\"http:\/\/hudoc.echr.coe.int\/eng?i=001-138611\" target=\"http:\/\/hudoc.echr.coe.int\/eng?i=001-138611\" rel=\"noopener\">Bankovic<\/a><\/u>-Rechtsprechung des EGMR. Im Interview mit <u><a href=\"https:\/\/www.jura.uni-muenster.de\/de\/institute\/imr\/\" target=\"https:\/\/www.jura.uni-muenster.de\/de\/institute\/imr\/\" rel=\"noopener\">Nora Markard<\/a><\/u> bespricht Sophie Schuberth u.a., wie sich das <u><a href=\"http:\/\/www.bverfg.de\/e\/rs20200519_1bvr283517.html\" target=\"http:\/\/www.bverfg.de\/e\/rs20200519_1bvr283517.html\" rel=\"noopener\">BND-Urteil<\/a><\/u> des Bundesverfassungsgerichts hierzu verh\u00e4lt.<\/p>\n<p>Hinweise: Bei den F\u00e4llen <u><a href=\"https:\/\/globalfreedomofexpression.columbia.edu\/cases\/centrum-rattvisa-v-sweden\/\">R\u00e4ttvisa gegen Schweden<\/a><\/u> und <u><a href=\"https:\/\/globalfreedomofexpression.columbia.edu\/cases\/big-brother-watch-v-united-kingdom\/\">Big Brother Watch gegen das Vereinigte K\u00f6nigreich<\/a><\/u> handelt es sich um Kammer-Entscheidungen. Beide F\u00e4lle sind nun vor der Gro\u00dfen Kammer des Europ\u00e4ischen Gerichtshofs f\u00fcr Menschenrechte <u><a href=\"https:\/\/hudoc.echr.coe.int\/app\/conversion\/pdf\/?library=ECHR&amp;id=003-6455880-8500175&amp;filename=Grand%20Chamber%20hearing%20Centrum%20for%20rattvisa%20v.%20Sweden.pdf\">anh\u00e4ngig<\/a><\/u>, wo ein Urteil noch bevorsteht. Ein weiteres relevantes Urteil des Europ\u00e4ischen Gerichtshofs f\u00fcr Menschenrechte ist das Urteil der Gro\u00dfen Kammer im Fall <u><a href=\"http:\/\/hudoc.echr.coe.int\/eng?i=001-109231\">Hirsi Jamaa u.a. gegen Italien<\/a><\/u> vom 23. Februar 2012.<\/p>\n<p>Wir freuen uns \u00fcber Lob, Anmerkungen und Kritik an <u><a href=\"mailto:podcast@voelkerrechtsblog.org\">podcast@voelkerrechtsblog.org<\/a><\/u> oder hier in den Kommentaren. Abonniert unseren Podcast <u><a href=\"https:\/\/anchor.fm\/s\/4679adec\/podcast\/rss\" target=\"_blank\" rel=\"noopener\">via RSS<\/a><\/u>, \u00fcber <u><a href=\"https:\/\/open.spotify.com\/show\/4e1s8fJ1pHJrMaxIAnomoa\" target=\"_blank\" rel=\"noopener\">Spotify<\/a><\/u> oder \u00fcberall dort, wo es Podcasts gibt.<\/p>\n<p>Moderation: <u><a href=\"https:\/\/www.jura.fu-berlin.de\/fachbereich\/einrichtungen\/oeffentliches-recht\/lehrende\/kriegerh\/mitarbeiter\/Schuberth_Sophie\/index.html\" target=\"_blank\" rel=\"noopener\">Sophie Schuberth<\/a><\/u> &amp; <u><a href=\"https:\/\/www.mpil.de\/de\/pub\/institut\/personen\/wissenschaftlicher-bereich\/etuchtfe.cfm\" target=\"_blank\" rel=\"noopener\">Erik Tuchtfeld<\/a><\/u><br \/>\nGrundlagenteil: <u><a href=\"https:\/\/www.jura.uni-muenster.de\/de\/institute\/imr\/team\/weitere-personen\/isabel-lischewski\/\" target=\"_blank\" rel=\"noopener\">Dr. Isabel<\/a><\/u><a href=\"https:\/\/www.jura.uni-muenster.de\/de\/institute\/imr\/team\/weitere-personen\/isabel-lischewski\/\" target=\"_blank\" rel=\"noopener\"> Lischewski<\/a><br \/>\nInterview: <a href=\"https:\/\/www.jura.uni-muenster.de\/de\/apps\/personenliste\/prof-dr-nora-markard-ma-kings-college-london\/\">Prof. Dr. Nora\u00a0 Markard<\/a> &amp; <a href=\"https:\/\/www.jura.fu-berlin.de\/fachbereich\/einrichtungen\/oeffentliches-recht\/lehrende\/kriegerh\/mitarbeiter\/Schuberth_Sophie\/index.html\">Sophie Schuberth<\/a><br \/>\nSchnitt: <u><a href=\"https:\/\/www.law-school.de\/profil\/philipp-eschenhagen\" target=\"_blank\" rel=\"noopener\">Philipp Eschenhagen<\/a><\/u><br \/>\nTechnische Unterst\u00fctzung: <u><a href=\"https:\/\/leibniz-hbi.de\/de\/mitarbeiter\/anna-sophia-tiedeke\" target=\"_blank\" rel=\"noopener\">Anna Sophia Tiedeke<\/a><\/u><\/p>\n<p>Credits:<br \/>\nF\u00fcr die historischen Originaltonaufnahmen: BBC news at <u><a href=\"http:\/\/bbc.co.uk\/news\" target=\"_blank\" rel=\"noopener\">bbc.co.uk\/news<\/a><\/u><\/p>\n","protected":false},"excerpt":{"rendered":"<p>Wie man Staaten dazu bekommt, auch f\u00fcr ihr Handeln jenseits ihres Territoriums Verantwortung zu \u00fcbernehmen, ist ein altes Problem des V\u00f6lkerrechts \u2013 umso dr\u00e4ngender wird es, wenn dieses Handeln Menschenrechte betrifft. In dieser Folge erkl\u00e4rt Isabel Lischewski im Grundlagenteil die Bankovic-Rechtsprechung des EGMR. Im Interview mit Nora Markard bespricht Sophie Schuberth u.a., wie sich das [&hellip;]<\/p>\n","protected":false},"author":5,"featured_media":0,"comment_status":"open","ping_status":"open","sticky":false,"template":"","format":"standard","meta":{"_acf_changed":false,"footnotes":""},"categories":[6639],"tags":[3911,3581],"authors":[5020,5621,5004,6671],"article-categories":[5371,6670],"doi":[],"class_list":["post-12590","post","type-post","status-publish","format-standard","hentry","category-uncategorized","tag-extraterritoriality","tag-human-rights","authors-erik-tuchtfeld","authors-isabel-lischewski","authors-philipp-eschenhagen","authors-sophie-schuberth","article-categories-media","article-categories-podcast"],"acf":{"subline":"So close, no matter how far?"},"meta_box":{"doi":"10.17176\/20210305-153635-0"},"_links":{"self":[{"href":"https:\/\/voelkerrechtsblog.org\/de\/wp-json\/wp\/v2\/posts\/12590","targetHints":{"allow":["GET"]}}],"collection":[{"href":"https:\/\/voelkerrechtsblog.org\/de\/wp-json\/wp\/v2\/posts"}],"about":[{"href":"https:\/\/voelkerrechtsblog.org\/de\/wp-json\/wp\/v2\/types\/post"}],"author":[{"embeddable":true,"href":"https:\/\/voelkerrechtsblog.org\/de\/wp-json\/wp\/v2\/users\/5"}],"replies":[{"embeddable":true,"href":"https:\/\/voelkerrechtsblog.org\/de\/wp-json\/wp\/v2\/comments?post=12590"}],"version-history":[{"count":11,"href":"https:\/\/voelkerrechtsblog.org\/de\/wp-json\/wp\/v2\/posts\/12590\/revisions"}],"predecessor-version":[{"id":18750,"href":"https:\/\/voelkerrechtsblog.org\/de\/wp-json\/wp\/v2\/posts\/12590\/revisions\/18750"}],"wp:attachment":[{"href":"https:\/\/voelkerrechtsblog.org\/de\/wp-json\/wp\/v2\/media?parent=12590"}],"wp:term":[{"taxonomy":"category","embeddable":true,"href":"https:\/\/voelkerrechtsblog.org\/de\/wp-json\/wp\/v2\/categories?post=12590"},{"taxonomy":"post_tag","embeddable":true,"href":"https:\/\/voelkerrechtsblog.org\/de\/wp-json\/wp\/v2\/tags?post=12590"},{"taxonomy":"authors","embeddable":true,"href":"https:\/\/voelkerrechtsblog.org\/de\/wp-json\/wp\/v2\/authors?post=12590"},{"taxonomy":"article-categories","embeddable":true,"href":"https:\/\/voelkerrechtsblog.org\/de\/wp-json\/wp\/v2\/article-categories?post=12590"},{"taxonomy":"doi","embeddable":true,"href":"https:\/\/voelkerrechtsblog.org\/de\/wp-json\/wp\/v2\/doi?post=12590"}],"curies":[{"name":"wp","href":"https:\/\/api.w.org\/{rel}","templated":true}]}}