{"id":12316,"date":"2021-01-27T16:30:10","date_gmt":"2021-01-27T15:30:10","guid":{"rendered":"https:\/\/voelkerrechtsblog.org\/?p=12316"},"modified":"2021-04-23T18:44:37","modified_gmt":"2021-04-23T16:44:37","slug":"klimaklagen-im-europaeischen-mehrebenensystem","status":"publish","type":"post","link":"https:\/\/voelkerrechtsblog.org\/de\/klimaklagen-im-europaeischen-mehrebenensystem\/","title":{"rendered":"Klimaklagen im Europ\u00e4ischen Mehrebenensystem"},"content":{"rendered":"<p>Liv Christiansen ist wissenschaftliche Mitarbeiterin am Walther-Sch\u00fccking-Institut. In ihrem Vortrag ordnet sie die aktuellen Entwicklungen um Klimaklagen vor nationalen Gerichten, dem EuGH und dem EGMR ein. Dabei erl\u00e4utert sie insbesondere die rechtlichen H\u00fcrden der Zul\u00e4ssigkeit und die Erfolgsaussichten solcher Klagen. Au\u00dferdem bewertet sie die Auswirkungen und Chancen der j\u00fcngsten Entwicklungen um den Klimawandel mit Fokus auf die Staatengemeinschaft.<\/p>\n<p><video width=\"780\" height=\"500\" controls autoplay><source src= \"https:\/\/intr2dok.vifa-recht.de\/servlets\/MCRFileNodeServlet\/mir_derivate_00009899\/Christiansen.mp4\"type=\" video\/mp4\"<\/source><\/video><\/p>\n","protected":false},"excerpt":{"rendered":"<p>Liv Christiansen ist wissenschaftliche Mitarbeiterin am Walther-Sch\u00fccking-Institut. In ihrem Vortrag ordnet sie die aktuellen Entwicklungen um Klimaklagen vor nationalen Gerichten, dem EuGH und dem EGMR ein. Dabei erl\u00e4utert sie insbesondere die rechtlichen H\u00fcrden der Zul\u00e4ssigkeit und die Erfolgsaussichten solcher Klagen. Au\u00dferdem bewertet sie die Auswirkungen und Chancen der j\u00fcngsten Entwicklungen um den Klimawandel mit Fokus [&hellip;]<\/p>\n","protected":false},"author":8,"featured_media":0,"comment_status":"open","ping_status":"open","sticky":false,"template":"","format":"standard","meta":{"_acf_changed":false,"footnotes":""},"categories":[6639],"tags":[],"authors":[6691],"article-categories":[5371],"doi":[],"class_list":["post-12316","post","type-post","status-publish","format-standard","hentry","category-uncategorized","authors-liv-christiansen","article-categories-media"],"acf":{"subline":"V\u00f6lkerrechtliche Tagesthemen: Spotlight (Folge 7)"},"meta_box":{"doi":"10.17176\/20210217-144650-0"},"_links":{"self":[{"href":"https:\/\/voelkerrechtsblog.org\/de\/wp-json\/wp\/v2\/posts\/12316","targetHints":{"allow":["GET"]}}],"collection":[{"href":"https:\/\/voelkerrechtsblog.org\/de\/wp-json\/wp\/v2\/posts"}],"about":[{"href":"https:\/\/voelkerrechtsblog.org\/de\/wp-json\/wp\/v2\/types\/post"}],"author":[{"embeddable":true,"href":"https:\/\/voelkerrechtsblog.org\/de\/wp-json\/wp\/v2\/users\/8"}],"replies":[{"embeddable":true,"href":"https:\/\/voelkerrechtsblog.org\/de\/wp-json\/wp\/v2\/comments?post=12316"}],"version-history":[{"count":8,"href":"https:\/\/voelkerrechtsblog.org\/de\/wp-json\/wp\/v2\/posts\/12316\/revisions"}],"predecessor-version":[{"id":13487,"href":"https:\/\/voelkerrechtsblog.org\/de\/wp-json\/wp\/v2\/posts\/12316\/revisions\/13487"}],"wp:attachment":[{"href":"https:\/\/voelkerrechtsblog.org\/de\/wp-json\/wp\/v2\/media?parent=12316"}],"wp:term":[{"taxonomy":"category","embeddable":true,"href":"https:\/\/voelkerrechtsblog.org\/de\/wp-json\/wp\/v2\/categories?post=12316"},{"taxonomy":"post_tag","embeddable":true,"href":"https:\/\/voelkerrechtsblog.org\/de\/wp-json\/wp\/v2\/tags?post=12316"},{"taxonomy":"authors","embeddable":true,"href":"https:\/\/voelkerrechtsblog.org\/de\/wp-json\/wp\/v2\/authors?post=12316"},{"taxonomy":"article-categories","embeddable":true,"href":"https:\/\/voelkerrechtsblog.org\/de\/wp-json\/wp\/v2\/article-categories?post=12316"},{"taxonomy":"doi","embeddable":true,"href":"https:\/\/voelkerrechtsblog.org\/de\/wp-json\/wp\/v2\/doi?post=12316"}],"curies":[{"name":"wp","href":"https:\/\/api.w.org\/{rel}","templated":true}]}}