{"id":12220,"date":"2021-02-15T12:00:11","date_gmt":"2021-02-15T11:00:11","guid":{"rendered":"https:\/\/voelkerrechtsblog.org\/?p=12220"},"modified":"2021-04-19T21:59:57","modified_gmt":"2021-04-19T19:59:57","slug":"volkerrechtslunch-funf-fragen-an-dr-cristina-verones-eidgenossiches-departement-fur-auswartige-angelegenheiten","status":"publish","type":"post","link":"https:\/\/voelkerrechtsblog.org\/de\/volkerrechtslunch-funf-fragen-an-dr-cristina-verones-eidgenossiches-departement-fur-auswartige-angelegenheiten\/","title":{"rendered":"F\u00fcnf Fragen an Dr. Cristina Verones"},"content":{"rendered":"<p><em>Am 22. Februar 2021 (12 bis 13 Uhr) ist Frau Dr. Cristina Verones der f\u00fcnfte Gast in unserer Gespr\u00e4chsreihe \u201c<a href=\"https:\/\/voelkerrechtsblog.org\/events\/volkerrechtslunch\/\">V\u00f6lkerrechtslunches<\/a>\u201c. Frau Dr. Cristina Verones ist Diplomatin f\u00fcr die Schweiz.<\/em><\/p>\n<p><em>In insgesamt zw\u00f6lf Online-Gespr\u00e4chsterminen laden wir v\u00f6lkerrechtliche Expert*innen aus der Praxis zu einst\u00fcndigen Gespr\u00e4chen ein, in welchen sie in ihren Werdegang sowie ihre jetzige T\u00e4tigkeit Einblick gew\u00e4hren. Anschlie\u00dfend haben Studierende und andere Interessierte die Gelegenheit, Fragen zu Karriere und T\u00e4tigkeit zu stellen (der Veranstaltungshinweis und das Programm sowie die Zugangsdaten f\u00fcr Zoom finden sich <\/em><strong><a href=\"https:\/\/voelkerrechtsblog.org\/articles\/events\/volkerrechtslunch\/\"><em>hier<\/em><\/a><\/strong><em>).\u00a0<\/em><\/p>\n<p><em>Bereits im Vorfeld stand Frau Dr. Cristina Verones uns Rede und Antwort:<\/em><\/p>\n<p>&nbsp;<\/p>\n<p><strong>Warum haben Sie sich f\u00fcr eine v\u00f6lkerrechtliche Karriere entschieden?<\/strong><\/p>\n<p>Als Diplomatin ist meine Karriere nicht vollst\u00e4ndig v\u00f6lkerrechtlich. Aber die diplomatische Arbeit ist nat\u00fcrlich oft\u00a0eng mit dem V\u00f6lkerrecht und v\u00f6lkerrechtlichen Fragen verbunden, was auch eine meiner Motivation f\u00fcr die diplomatische Karriere war. Mich haben der internationale Austausch und die Zusammenarbeit unter Staaten seit dem Studium der internationalen Beziehungen interessiert. Dort kam ich auch erstmals mit dem V\u00f6lkerrecht in Ber\u00fchrung und es hat mich sofort fasziniert. Ich mochte dabei sowohl die analytische wie auch die kreative Komponente bei v\u00f6lkerrechtlichen Probleml\u00f6sungen. Ich besuchte fortan so viele v\u00f6lkerrechtliche Vorlesungen wie m\u00f6glich, machte einen LLM und anschliessend ein Doktorat in V\u00f6lkerrecht. Und ich bin froh, dass ich auch heute noch regelm\u00e4\u00dfig mit dem V\u00f6lkerrecht in Ber\u00fchrung komme, bzw. selber durch Verhandlungen zum V\u00f6lkerrecht \u201ebeitrage\u201c.<\/p>\n<p>&nbsp;<\/p>\n<p><strong>Was macht das V\u00f6lkerrecht f\u00fcr Sie besonders?<\/strong><\/p>\n<p>Besonders spannend beim V\u00f6lkerrecht finde ich die d\u00fcnne Linie zwischen \u201eRecht\u201c und \u201ePolitik\u201c. Das V\u00f6lkerrecht ist \u2013 meiner Meinung nach st\u00e4rker\u00a0als andere Rechtsgebiete \u2013 stark mit der (internationalen) Politik verbunden. Das V\u00f6lkerrecht ist so vielen, sehr unterschiedlichen politischen Einfl\u00fcssen aus aller Welt ausgesetzt und wird davon auch geformt. Das macht das V\u00f6lkerrecht zu einem ganz speziellen Fall. Und meiner Meinung nach einem besonders interessanten Rechtsgebiet. Die notwendige Zusammenarbeit mit anderen L\u00e4ndern, bzw. anderen Rechtssystemen und Rechtsverst\u00e4ndnissen tr\u00e4gt dabei noch zur Attraktivit\u00e4t aber auch zu seiner Komplexit\u00e4t bei.<\/p>\n<p>&nbsp;<\/p>\n<p><strong>Was ist die gr\u00f6\u00dfte Herausforderung f\u00fcr das V\u00f6lkerrecht im 21. Jahrhundert?\u00a0<\/strong><\/p>\n<p>Das ist meiner Meinung nach die Umsetzung. Es gibt viele v\u00f6lkerrechtliche Normen, aber bei der Umsetzung hapert es bisweilen gewaltig. Das liegt m.E. unter anderem auch an der momentanen Schw\u00e4che des Multilateralismus, der von einigen Staaten aktiv angegriffen und unterlaufen wird. Wer nicht daran glaubt, dass globale Probleme gemeinsam mit anderen Staaten angegangen werden m\u00fcssen, der hat in der Regel auch weniger Interesse daran, v\u00f6lkerrechtliche Normen einzuhalten oder gar zu verteidigen.<\/p>\n<p>&nbsp;<\/p>\n<p><strong>Welche (\u00fcberraschende) F\u00e4higkeiten ben\u00f6tigen Sie f\u00fcr Ihren Beruf?<\/strong><\/p>\n<p>Kreativit\u00e4t f\u00fcr die L\u00f6sungsfindung (i.e. Formulierung eines Paragraphen) und ein feines Ohr beim Zuh\u00f6ren (um genau zu verstehen, um was es den Kollegen aus den anderen Staaten genau geht).<\/p>\n<p>&nbsp;<\/p>\n<p><strong>Was w\u00fcrden Sie Ihrem 20-j\u00e4hrigen ich gerne sagen?<\/strong><\/p>\n<p>Es ist richtig, wenn du das machst was dich interessiert und dir Spa\u00df macht. Letztlich ist sp\u00e4ter jede Erfahrung f\u00fcr irgendetwas gut.<\/p>\n<p>&nbsp;<\/p>\n<p><strong><em>Informationen zum Zoom-Meeting:<\/em><\/strong><br \/>\n<em>URL: <a href=\"https:\/\/mpil.zoom.us\/j\/93881793738\" target=\"_blank\" rel=\"noopener\">https:\/\/mpil.zoom.us\/j\/93881793738<\/a><\/em><br \/>\n<em>Code: 717220<\/em><\/p>\n","protected":false},"excerpt":{"rendered":"<p>Am 22. Februar 2021 (12 bis 13 Uhr) ist Frau Dr. Cristina Verones der f\u00fcnfte Gast in unserer Gespr\u00e4chsreihe \u201cV\u00f6lkerrechtslunches\u201c. Frau Dr. Cristina Verones ist Diplomatin f\u00fcr die Schweiz. In insgesamt zw\u00f6lf Online-Gespr\u00e4chsterminen laden wir v\u00f6lkerrechtliche Expert*innen aus der Praxis zu einst\u00fcndigen Gespr\u00e4chen ein, in welchen sie in ihren Werdegang sowie ihre jetzige T\u00e4tigkeit Einblick [&hellip;]<\/p>\n","protected":false},"author":8,"featured_media":0,"comment_status":"open","ping_status":"open","sticky":false,"template":"","format":"standard","meta":{"_acf_changed":false,"footnotes":""},"categories":[6639],"tags":[],"authors":[4913,3570],"article-categories":[3591,3572],"doi":[],"class_list":["post-12220","post","type-post","status-publish","format-standard","hentry","category-uncategorized","authors-lukas-kleinert","authors-matthias-c-kettemann","article-categories-interview","article-categories-symposium"],"acf":{"subline":"Eidgen\u00f6ssiches Departement f\u00fcr ausw\u00e4rtige Angelegenheiten"},"meta_box":{"doi":"10.17176\/20210215-171659-0"},"_links":{"self":[{"href":"https:\/\/voelkerrechtsblog.org\/de\/wp-json\/wp\/v2\/posts\/12220","targetHints":{"allow":["GET"]}}],"collection":[{"href":"https:\/\/voelkerrechtsblog.org\/de\/wp-json\/wp\/v2\/posts"}],"about":[{"href":"https:\/\/voelkerrechtsblog.org\/de\/wp-json\/wp\/v2\/types\/post"}],"author":[{"embeddable":true,"href":"https:\/\/voelkerrechtsblog.org\/de\/wp-json\/wp\/v2\/users\/8"}],"replies":[{"embeddable":true,"href":"https:\/\/voelkerrechtsblog.org\/de\/wp-json\/wp\/v2\/comments?post=12220"}],"version-history":[{"count":3,"href":"https:\/\/voelkerrechtsblog.org\/de\/wp-json\/wp\/v2\/posts\/12220\/revisions"}],"predecessor-version":[{"id":13325,"href":"https:\/\/voelkerrechtsblog.org\/de\/wp-json\/wp\/v2\/posts\/12220\/revisions\/13325"}],"wp:attachment":[{"href":"https:\/\/voelkerrechtsblog.org\/de\/wp-json\/wp\/v2\/media?parent=12220"}],"wp:term":[{"taxonomy":"category","embeddable":true,"href":"https:\/\/voelkerrechtsblog.org\/de\/wp-json\/wp\/v2\/categories?post=12220"},{"taxonomy":"post_tag","embeddable":true,"href":"https:\/\/voelkerrechtsblog.org\/de\/wp-json\/wp\/v2\/tags?post=12220"},{"taxonomy":"authors","embeddable":true,"href":"https:\/\/voelkerrechtsblog.org\/de\/wp-json\/wp\/v2\/authors?post=12220"},{"taxonomy":"article-categories","embeddable":true,"href":"https:\/\/voelkerrechtsblog.org\/de\/wp-json\/wp\/v2\/article-categories?post=12220"},{"taxonomy":"doi","embeddable":true,"href":"https:\/\/voelkerrechtsblog.org\/de\/wp-json\/wp\/v2\/doi?post=12220"}],"curies":[{"name":"wp","href":"https:\/\/api.w.org\/{rel}","templated":true}]}}