{"id":11810,"date":"2021-01-18T09:30:06","date_gmt":"2021-01-18T08:30:06","guid":{"rendered":"https:\/\/voelkerrechtsblog.org\/?p=11810"},"modified":"2021-04-19T22:00:57","modified_gmt":"2021-04-19T20:00:57","slug":"voelkerrechtslunch-fuenf-fragen-an-prof-dr-andreas-zimmermann-universitaet-potsdam","status":"publish","type":"post","link":"https:\/\/voelkerrechtsblog.org\/de\/voelkerrechtslunch-fuenf-fragen-an-prof-dr-andreas-zimmermann-universitaet-potsdam\/","title":{"rendered":"F\u00fcnf Fragen an Prof. Dr. Andreas Zimmermann"},"content":{"rendered":"<p><em>Am 25. Januar 2021 (12 bis 13 Uhr) ist Prof. Dr. Andreas Zimmermann der zweite Gast in unserer Gespr\u00e4chsreihe &#8220;<a href=\"https:\/\/voelkerrechtsblog.org\/events\/volkerrechtslunch\/\">V\u00f6lkerrechtslunches<\/a>&#8220;. Er ist Professor f\u00fcr \u00d6ffentliches Recht, insb. Europa- und V\u00f6lkerrecht sowie Europ\u00e4isches Wirtschaftsrecht und Wirtschaftsv\u00f6lkerrecht an der Universit\u00e4t Potsdam.<\/em><\/p>\n<p><em>In insgesamt zw\u00f6lf Online-Gespr\u00e4chsterminen laden wir v\u00f6lkerrechtliche Expert*innen aus der Praxis zu einst\u00fcndigen Gespr\u00e4chen ein, in welchen sie in ihren Werdegang sowie ihre jetzige T\u00e4tigkeit Einblick gew\u00e4hren. Anschlie\u00dfend haben Studierende und andere Interessierte die Gelegenheit, Fragen zu Karriere und T\u00e4tigkeit zu stellen (der Veranstaltungshinweis und das Programm sowie die Zugangsdaten f\u00fcr Zoom finden sich <\/em><strong><a href=\"https:\/\/voelkerrechtsblog.org\/articles\/events\/volkerrechtslunch\/\"><em>hier<\/em><\/a><\/strong><em>).\u00a0<\/em><\/p>\n<p><em>Bereits im Vorfeld stand Andreas Zimmermann uns Rede und Antwort:<\/em><\/p>\n<p>&nbsp;<\/p>\n<p><strong>Warum haben Sie sich f\u00fcr eine v\u00f6lkerrechtliche Karriere entschieden?<\/strong><\/p>\n<p>Urspr\u00fcnglich hatte ich mit dem Gedanken gespielt, nach dem Abitur statt Rechtswissenschaften Politikwissenschaften und\/ oder Sprachen zu studieren \u2013 damit lag dann im Studium ein internationalrechtlicher Schwerpunkt in gewisser Weise nahe. Ein Studienaufenthalt in Frankreich im 4.\/5. Semester tat dann das \u00dcbrige um mein Interesse am \u201adroit international public\u2018 zu wecken, welches durch den LL.M. in den USA nach Staatsexamen und Zivildienst weiter vertieft wurde. Nach dem Abschluss der Doktorarbeit am Heidelberger Max-Planck-Institut stand ich dann kurz davor, ein Angebot der Europ\u00e4ischen Kommission anzunehmen, w\u00e4re also fast dem V\u00f6lkerrecht im engeren Sinne untreu geworden, bevor ich mich dann doch dazu entschlossen habe, eine akademische Laufbahn einzuschlagen.<\/p>\n<p>&nbsp;<\/p>\n<p><strong>Was macht das V\u00f6lkerrecht f\u00fcr Sie besonders?<\/strong><\/p>\n<p>Anders als nationale Rechtsordnungen kennt das V\u00f6lkerrecht keine zentrale Rechtsdurchsetzungsinstanz. Es lebt damit noch mehr als erstere von politischen, metajuristischen Voraussetzungen, die es sich selbst nicht zu schaffen vermag. Damit ist das V\u00f6lkerrecht noch wesentlich \u201apolitikn\u00e4her\u2018 als etwa das (deutsche) Verfassungs- oder gar das Verwaltungsrecht. Es ist nicht zuletzt dieses Spannungsverh\u00e4ltnis, welches die (theoretische und praktische) Arbeit im und mit dem V\u00f6lkerrecht so spannend macht.<\/p>\n<p>&nbsp;<\/p>\n<p><strong>Was ist die gr\u00f6\u00dfte Herausforderung f\u00fcr das V\u00f6lkerrecht im 21. Jahrhundert?<\/strong><\/p>\n<p>Es ist zum einen die durchaus zunehmende Distanzierung wichtiger staatlicher Akteure von einer normgest\u00fctzten internationalen Ordnung. Zum anderen nehme ich aber auch eine zunehmende Diskrepanz (und eine damit einhergehende Entfremdung) zwischen der V\u00f6lkerrechtslehre bzw. der -wissenschaft auf der einen Seite und des \u201areal-life-V\u00f6lkerrechts\u2018 auf der anderen Seite war, was mit zunehmend unrealistischen Erwartungen an das was das V\u00f6lkerrecht alles leisten k\u00f6nne oder leisten m\u00fcsse einhergeht.<\/p>\n<p>&nbsp;<\/p>\n<p><strong>Welche (\u00fcberraschende) F\u00e4higkeiten ben\u00f6tigen Sie f\u00fcr Ihren Beruf?<\/strong><\/p>\n<p>Es hat sich ergeben, dass ich mittlerweile neben meiner akademischer T\u00e4tigkeit regelm\u00e4\u00dfig auch Prozessvertretungen vor internationalen Spruchk\u00f6rpern wie dem IGH, dem EuGH, dem Iran-US Claims Tribunal oder dem Rassendiskriminierungsausschuss der Vereinten Nationen \u00fcbernehme; hinzu kommt meine T\u00e4tigkeit als Mitglied des VN-Menschenrechtsausschusses in den Jahren 2018-2020. Um dort erfolgreich zu sein, bedarf es neben der entsprechenden v\u00f6lkerrechtlichen Kenntnisse und sprachlicher F\u00e4higkeiten vor allem auch der Bef\u00e4higung zum einen im multikulturellen Umfeld argumentieren zu k\u00f6nnen, ist doch die juristische Herangehensweise an v\u00f6lkerrechtliche Fragen von Land zu Land und von Region zu Region sehr unterschiedlich, und zum anderen auch der Begabung jeweils aus der Warte des jeweiligen \u201aEmpf\u00e4ngers\u2018 heraus zu denken um diesen \u00fcberzeugen zu k\u00f6nnen.<\/p>\n<p>&nbsp;<\/p>\n<p><strong>Was w\u00fcrden Sie einem 20-j\u00e4hrigen gerne sagen?<\/strong><\/p>\n<p>Wichtig ist es immer offen f\u00fcr und neugierig auf Neues und Ungewohntes zu sein; dies gilt gerade in Umbruchzeiten, die uns allen voraussichtlich in den kommenden Jahren und Jahrzehnten zunehmend bevorstehen.<\/p>\n<p>&nbsp;<\/p>\n<p><em>Zugangsdaten zum Zoom-Meeting:<\/em><br \/>\n<em>URL: <a href=\"https:\/\/mpil.zoom.us\/j\/93881793738\" target=\"_blank\" rel=\"noopener\">https:\/\/mpil.zoom.us\/j\/93881793738<\/a><\/em><br \/>\n<em>Code: 717220<\/em><\/p>\n","protected":false},"excerpt":{"rendered":"<p>Am 25. Januar 2021 (12 bis 13 Uhr) ist Prof. Dr. Andreas Zimmermann der zweite Gast in unserer Gespr\u00e4chsreihe &#8220;V\u00f6lkerrechtslunches&#8220;. Er ist Professor f\u00fcr \u00d6ffentliches Recht, insb. Europa- und V\u00f6lkerrecht sowie Europ\u00e4isches Wirtschaftsrecht und Wirtschaftsv\u00f6lkerrecht an der Universit\u00e4t Potsdam. In insgesamt zw\u00f6lf Online-Gespr\u00e4chsterminen laden wir v\u00f6lkerrechtliche Expert*innen aus der Praxis zu einst\u00fcndigen Gespr\u00e4chen ein, in [&hellip;]<\/p>\n","protected":false},"author":8,"featured_media":0,"comment_status":"open","ping_status":"open","sticky":false,"template":"","format":"standard","meta":{"_acf_changed":false,"footnotes":""},"categories":[6639],"tags":[],"authors":[4913,3570],"article-categories":[3591,3572],"doi":[],"class_list":["post-11810","post","type-post","status-publish","format-standard","hentry","category-uncategorized","authors-lukas-kleinert","authors-matthias-c-kettemann","article-categories-interview","article-categories-symposium"],"acf":{"subline":"Universit\u00e4t Potsdam"},"meta_box":{"doi":"10.17176\/20210118-144402-0"},"_links":{"self":[{"href":"https:\/\/voelkerrechtsblog.org\/de\/wp-json\/wp\/v2\/posts\/11810","targetHints":{"allow":["GET"]}}],"collection":[{"href":"https:\/\/voelkerrechtsblog.org\/de\/wp-json\/wp\/v2\/posts"}],"about":[{"href":"https:\/\/voelkerrechtsblog.org\/de\/wp-json\/wp\/v2\/types\/post"}],"author":[{"embeddable":true,"href":"https:\/\/voelkerrechtsblog.org\/de\/wp-json\/wp\/v2\/users\/8"}],"replies":[{"embeddable":true,"href":"https:\/\/voelkerrechtsblog.org\/de\/wp-json\/wp\/v2\/comments?post=11810"}],"version-history":[{"count":10,"href":"https:\/\/voelkerrechtsblog.org\/de\/wp-json\/wp\/v2\/posts\/11810\/revisions"}],"predecessor-version":[{"id":13328,"href":"https:\/\/voelkerrechtsblog.org\/de\/wp-json\/wp\/v2\/posts\/11810\/revisions\/13328"}],"wp:attachment":[{"href":"https:\/\/voelkerrechtsblog.org\/de\/wp-json\/wp\/v2\/media?parent=11810"}],"wp:term":[{"taxonomy":"category","embeddable":true,"href":"https:\/\/voelkerrechtsblog.org\/de\/wp-json\/wp\/v2\/categories?post=11810"},{"taxonomy":"post_tag","embeddable":true,"href":"https:\/\/voelkerrechtsblog.org\/de\/wp-json\/wp\/v2\/tags?post=11810"},{"taxonomy":"authors","embeddable":true,"href":"https:\/\/voelkerrechtsblog.org\/de\/wp-json\/wp\/v2\/authors?post=11810"},{"taxonomy":"article-categories","embeddable":true,"href":"https:\/\/voelkerrechtsblog.org\/de\/wp-json\/wp\/v2\/article-categories?post=11810"},{"taxonomy":"doi","embeddable":true,"href":"https:\/\/voelkerrechtsblog.org\/de\/wp-json\/wp\/v2\/doi?post=11810"}],"curies":[{"name":"wp","href":"https:\/\/api.w.org\/{rel}","templated":true}]}}