{"id":11576,"date":"2020-12-16T14:28:32","date_gmt":"2020-12-16T13:28:32","guid":{"rendered":"https:\/\/voelkerrechtsblog.org\/?p=11576"},"modified":"2021-04-23T18:29:49","modified_gmt":"2021-04-23T16:29:49","slug":"die-zwei-koerper-des-koenigs-das-treiben-des-thailaendischen-monarchen-in-bayern","status":"publish","type":"post","link":"https:\/\/voelkerrechtsblog.org\/de\/die-zwei-koerper-des-koenigs-das-treiben-des-thailaendischen-monarchen-in-bayern\/","title":{"rendered":"Die zwei K\u00f6rper des K\u00f6nigs: Das &#8220;Treiben&#8221; des thail\u00e4ndischen Monarchen in Bayern"},"content":{"rendered":"<p><span class=\"style-scope yt-formatted-string\" dir=\"auto\">K\u00f6nig Rama X. &#8211; oder doch Privatmann Maha Vajiralongkorn? Wer &#8220;residiert&#8221; da aus Sicht des V\u00f6lkerrechts in Garmisch-Partenkirchen und Tutzing? Darf er aus dem bayerischen &#8220;Homeoffice&#8221; heraus Hoheitsakte erlassen? Und was darf die Bundesrepublik Deutschland unternehmen? Zu all diesen Fragen spricht Prof. Dr. Andreas von Arnauld in der neuen Folge der &#8220;V\u00f6lkerrechtlichen Tagesthemen: Spotlight&#8221;.<\/span><\/p>\n<p><video width=\"780\" height=\"520\" controls autoplay><source src= \"https:\/\/intr2dok.vifa-recht.de\/servlets\/MCRFileNodeServlet\/mir_derivate_00009896\/vonArnauld.mp4\"<\/source><\/video><\/p>\n","protected":false},"excerpt":{"rendered":"<p>K\u00f6nig Rama X. &#8211; oder doch Privatmann Maha Vajiralongkorn? Wer &#8220;residiert&#8221; da aus Sicht des V\u00f6lkerrechts in Garmisch-Partenkirchen und Tutzing? Darf er aus dem bayerischen &#8220;Homeoffice&#8221; heraus Hoheitsakte erlassen? Und was darf die Bundesrepublik Deutschland unternehmen? Zu all diesen Fragen spricht Prof. Dr. Andreas von Arnauld in der neuen Folge der &#8220;V\u00f6lkerrechtlichen Tagesthemen: Spotlight&#8221;.<\/p>\n","protected":false},"author":8,"featured_media":0,"comment_status":"open","ping_status":"open","sticky":false,"template":"","format":"standard","meta":{"_acf_changed":false,"footnotes":""},"categories":[6639],"tags":[],"authors":[6663],"article-categories":[5371],"doi":[],"class_list":["post-11576","post","type-post","status-publish","format-standard","hentry","category-uncategorized","authors-andreas-von-arnauld","article-categories-media"],"acf":{"subline":"V\u00f6lkerrechtliche Tagesthemen: Spotlight (Folge 4)"},"meta_box":{"doi":"10.17176\/20210217-143223-0"},"_links":{"self":[{"href":"https:\/\/voelkerrechtsblog.org\/de\/wp-json\/wp\/v2\/posts\/11576","targetHints":{"allow":["GET"]}}],"collection":[{"href":"https:\/\/voelkerrechtsblog.org\/de\/wp-json\/wp\/v2\/posts"}],"about":[{"href":"https:\/\/voelkerrechtsblog.org\/de\/wp-json\/wp\/v2\/types\/post"}],"author":[{"embeddable":true,"href":"https:\/\/voelkerrechtsblog.org\/de\/wp-json\/wp\/v2\/users\/8"}],"replies":[{"embeddable":true,"href":"https:\/\/voelkerrechtsblog.org\/de\/wp-json\/wp\/v2\/comments?post=11576"}],"version-history":[{"count":9,"href":"https:\/\/voelkerrechtsblog.org\/de\/wp-json\/wp\/v2\/posts\/11576\/revisions"}],"predecessor-version":[{"id":13472,"href":"https:\/\/voelkerrechtsblog.org\/de\/wp-json\/wp\/v2\/posts\/11576\/revisions\/13472"}],"wp:attachment":[{"href":"https:\/\/voelkerrechtsblog.org\/de\/wp-json\/wp\/v2\/media?parent=11576"}],"wp:term":[{"taxonomy":"category","embeddable":true,"href":"https:\/\/voelkerrechtsblog.org\/de\/wp-json\/wp\/v2\/categories?post=11576"},{"taxonomy":"post_tag","embeddable":true,"href":"https:\/\/voelkerrechtsblog.org\/de\/wp-json\/wp\/v2\/tags?post=11576"},{"taxonomy":"authors","embeddable":true,"href":"https:\/\/voelkerrechtsblog.org\/de\/wp-json\/wp\/v2\/authors?post=11576"},{"taxonomy":"article-categories","embeddable":true,"href":"https:\/\/voelkerrechtsblog.org\/de\/wp-json\/wp\/v2\/article-categories?post=11576"},{"taxonomy":"doi","embeddable":true,"href":"https:\/\/voelkerrechtsblog.org\/de\/wp-json\/wp\/v2\/doi?post=11576"}],"curies":[{"name":"wp","href":"https:\/\/api.w.org\/{rel}","templated":true}]}}