{"id":11572,"date":"2020-11-25T14:25:31","date_gmt":"2020-11-25T13:25:31","guid":{"rendered":"https:\/\/voelkerrechtsblog.org\/?p=11572"},"modified":"2021-04-23T18:19:46","modified_gmt":"2021-04-23T16:19:46","slug":"video-75-jahre-vereinte-nationen","status":"publish","type":"post","link":"https:\/\/voelkerrechtsblog.org\/de\/video-75-jahre-vereinte-nationen\/","title":{"rendered":"75 Jahre Vereinte Nationen"},"content":{"rendered":"<p><span class=\"style-scope yt-formatted-string\" dir=\"auto\">Die Vereinten Nationen sind in diesem Jahr 75 geworden. Deshalb spricht Hannah Birkenk\u00f6tter, LL.M., dar\u00fcber, wie sich u.a. die institutionelle Struktur und die Arbeit der Vereinten Nationen \u00fcber die letzten 75 Jahre gewandelt haben und welche M\u00f6glichkeiten sich der rechtswissenschaftlichen Forschung bieten, das &#8220;System der Vereinten Nationen&#8221; zu analysieren. St\u00e4rkere Beachtung finden sollte dabei das inzwischen so bedeutsame &#8220;operative Gesch\u00e4ft&#8221; der Organisation.<\/span><\/p>\n<p><video width=\"840\" height=\"550\" controls autoplay><source src= \"https:\/\/intr2dok.vifa-recht.de\/servlets\/MCRFileNodeServlet\/mir_derivate_00009895\/Birkenk%C3%B6tter.mp4\"<\/source><\/video><\/p>\n","protected":false},"excerpt":{"rendered":"<p>Die Vereinten Nationen sind in diesem Jahr 75 geworden. Deshalb spricht Hannah Birkenk\u00f6tter, LL.M., dar\u00fcber, wie sich u.a. die institutionelle Struktur und die Arbeit der Vereinten Nationen \u00fcber die letzten 75 Jahre gewandelt haben und welche M\u00f6glichkeiten sich der rechtswissenschaftlichen Forschung bieten, das &#8220;System der Vereinten Nationen&#8221; zu analysieren. St\u00e4rkere Beachtung finden sollte dabei das [&hellip;]<\/p>\n","protected":false},"author":8,"featured_media":0,"comment_status":"open","ping_status":"open","sticky":false,"template":"","format":"standard","meta":{"_acf_changed":false,"footnotes":""},"categories":[6639],"tags":[],"authors":[3586],"article-categories":[5371],"doi":[],"class_list":["post-11572","post","type-post","status-publish","format-standard","hentry","category-uncategorized","authors-hannah-birkenkotter","article-categories-media"],"acf":{"subline":"V\u00f6lkerrechtliche Tagesthemen: Spotlight (Folge 3)"},"meta_box":{"doi":"10.17176\/20210217-142859-0"},"_links":{"self":[{"href":"https:\/\/voelkerrechtsblog.org\/de\/wp-json\/wp\/v2\/posts\/11572","targetHints":{"allow":["GET"]}}],"collection":[{"href":"https:\/\/voelkerrechtsblog.org\/de\/wp-json\/wp\/v2\/posts"}],"about":[{"href":"https:\/\/voelkerrechtsblog.org\/de\/wp-json\/wp\/v2\/types\/post"}],"author":[{"embeddable":true,"href":"https:\/\/voelkerrechtsblog.org\/de\/wp-json\/wp\/v2\/users\/8"}],"replies":[{"embeddable":true,"href":"https:\/\/voelkerrechtsblog.org\/de\/wp-json\/wp\/v2\/comments?post=11572"}],"version-history":[{"count":5,"href":"https:\/\/voelkerrechtsblog.org\/de\/wp-json\/wp\/v2\/posts\/11572\/revisions"}],"predecessor-version":[{"id":13471,"href":"https:\/\/voelkerrechtsblog.org\/de\/wp-json\/wp\/v2\/posts\/11572\/revisions\/13471"}],"wp:attachment":[{"href":"https:\/\/voelkerrechtsblog.org\/de\/wp-json\/wp\/v2\/media?parent=11572"}],"wp:term":[{"taxonomy":"category","embeddable":true,"href":"https:\/\/voelkerrechtsblog.org\/de\/wp-json\/wp\/v2\/categories?post=11572"},{"taxonomy":"post_tag","embeddable":true,"href":"https:\/\/voelkerrechtsblog.org\/de\/wp-json\/wp\/v2\/tags?post=11572"},{"taxonomy":"authors","embeddable":true,"href":"https:\/\/voelkerrechtsblog.org\/de\/wp-json\/wp\/v2\/authors?post=11572"},{"taxonomy":"article-categories","embeddable":true,"href":"https:\/\/voelkerrechtsblog.org\/de\/wp-json\/wp\/v2\/article-categories?post=11572"},{"taxonomy":"doi","embeddable":true,"href":"https:\/\/voelkerrechtsblog.org\/de\/wp-json\/wp\/v2\/doi?post=11572"}],"curies":[{"name":"wp","href":"https:\/\/api.w.org\/{rel}","templated":true}]}}